{"id":26000,"date":"2025-03-22T21:02:06","date_gmt":"2025-03-22T18:02:06","guid":{"rendered":"https:\/\/www.egemtv.com\/?p=26000"},"modified":"2025-03-22T21:02:11","modified_gmt":"2025-03-22T18:02:11","slug":"emsav-mugla-sehit-yakinlari-ve-gaziler-ile-iftar-programinda-bulustu","status":"publish","type":"post","link":"https:\/\/www.egemtv.com\/?p=26000","title":{"rendered":"EM\u015eAV, Mu\u011fla \u015fehit yak\u0131nlar\u0131 ve gaziler ile iftar program\u0131nda bulu\u015ftu"},"content":{"rendered":"<p>Emniyet Te\u015fkilat\u0131 Vazife Malul\u00fc ve \u015eehit Aileleri Vakf\u0131 Mu\u011fla \u0130l Ba\u015fkanl\u0131\u011f\u0131 taraf\u0131ndan \u015fehit aileleri ve gaziler i\u00e7in iftar program\u0131 d\u00fczenlendi. Mente\u015fe \u00d6\u011fretmenevi salonunda ger\u00e7ekle\u015fen iftar program\u0131na \u015fehit aileleri ve gazilerin yan\u0131 s\u0131ra emniyet te\u015fkilat\u0131 mensuplar\u0131 ve Emniyet Te\u015fkilat\u0131 Vazife Malul\u00fc ve \u015eehit Aileleri Vakf\u0131 Y\u00f6netim Kurulu Ba\u015fkan\u0131 Abdurrahman Y\u0131lmaz da kat\u0131ld\u0131.<br \/>\n<br \/>Emniyet Te\u015fkilat\u0131 Vazife Malul\u00fc ve \u015eehit Aileleri Vakf\u0131 (EM\u015eAV) Mu\u011fla \u0130l Ba\u015fkan\u0131 Cevdet G\u00fcrkan, vatan\u0131n huzuru, g\u00fcvenli\u011fi ve milletimizin esenli\u011fi i\u00e7in canlar\u0131n\u0131 feda eden kahraman emniyet \u015fehitlerini anmak ve onlar\u0131n aziz hat\u0131ralar\u0131n\u0131 ya\u015fatmak i\u00e7in iftar program\u0131nda bir araya geldiklerini s\u00f6yledi.  G\u00fcrkan, &#8220;Bizler bug\u00fcn \u00f6zg\u00fcrce ya\u015fayabiliyorsak, sevdiklerimizle huzur i\u00e7inde vakit ge\u00e7irebiliyorsak, bunu hi\u00e7bir teredd\u00fct g\u00f6stermeden, canlar\u0131n\u0131 ortaya koyan kahraman \u015fehitlerimize ve fedak\u00e2r emniyet mensuplar\u0131m\u0131za bor\u00e7luyuz. Onlar, g\u00f6revleri ba\u015f\u0131nda, g\u00f6zlerini k\u0131rpmadan, yeminlerine sad\u0131k kalarak, vatan sevgisini her \u015feyin \u00fcst\u00fcnde tutarak m\u00fccadele ettiler. Bizlere d\u00fc\u015fen en b\u00fcy\u00fck sorumluluk, onlar\u0131n emanetine sahip \u00e7\u0131kmak, hat\u0131ralar\u0131n\u0131 ya\u015fatmak ve ailelerine daima destek olmakt\u0131r. Bug\u00fcn burada, sadece bir anman yeme\u011finde de\u011fil, ayn\u0131 zamanda birlik ve beraberli\u011fimizi peki\u015ftiren bir bulu\u015fmada bir araday\u0131z. \u015eehitlerimizin bizlere b\u0131rakt\u0131\u011f\u0131 miras, sadece bir kahramanl\u0131k destan\u0131 de\u011fil, ayn\u0131 zamanda bir vefa ve sadakat \u00f6rne\u011fidir. Onlar\u0131n bizlere b\u0131rakt\u0131\u011f\u0131 bu kutsal miras\u0131 en iyi \u015fekilde koruyaca\u011f\u0131m\u0131za ve y\u00fcreklerimizde her zaman ya\u015fataca\u011f\u0131m\u0131za s\u00f6z veriyoruz. Ba\u015fta Gazi Mustafa Kemal Atat\u00fcrk olmak \u00fczere t\u00fcm kahraman \u015fehitlerimize rahmet, minnet ve \u015f\u00fckranla an\u0131yor, gazilerimize sa\u011fl\u0131k ve huzur dolu bir \u00f6m\u00fcr diliyorum. Onlar\u0131n emaneti olan aileleri ve yak\u0131nlar\u0131 bizim i\u00e7in en de\u011ferli emanetlerdir. Devletimiz ve milletimiz onlar\u0131n yan\u0131nda olmaya devam edecektir. \u015eehitlerimizin kahramanl\u0131klar\u0131, milletimizin ba\u011f\u0131ms\u0131zl\u0131k ruhu ve cesaretiyle sonsuza kadar ya\u015fayacakt\u0131r&#8221; dedi.<br \/>\n<br \/>Emniyet Te\u015fkilat\u0131 Vazife Malul\u00fc ve \u015eehit Aileleri Vakf\u0131 Y\u00f6netim Kurulu Ba\u015fkan\u0131 Abdurrahman Y\u0131lmaz, ME\u015eAV Mu\u011fla \u0130l te\u015fkilat\u0131n\u0131n Mu\u011fla\u2019da 2 y\u0131ld\u0131r hizmet verdi\u011fini belirterek, &#8220;18 Mart \u00c7anakkale Zaferi ve \u015eehitleri Anma G\u00fcn\u00fc program\u0131 \u00e7er\u00e7evesinde \u00c7anakkale Zaferi\u2019nin 110\u2019uncu y\u0131l\u0131n\u0131 kutlad\u0131k. Ba\u015fta Gazi Mustafa Kemal Atat\u00fcrk ve silah arkada\u015flar\u0131 olmak \u00fczere bu vatan\u0131n bekas\u0131 i\u00e7in can\u0131n\u0131 feda eden \u015fehitlerimize Cenab-\u0131 Allah\u2019tan rahmet, gazilerimize de sa\u011fl\u0131kl\u0131 ve huzurlu bir \u00f6m\u00fcr dilerim&#8221; dedi.<br \/><\/p>\n","protected":false},"excerpt":{"rendered":"<p>Emniyet Te\u015fkilat\u0131 Vazife Malul\u00fc ve \u015eehit Aileleri Vakf\u0131 Mu\u011fla \u0130l Ba\u015fkanl\u0131\u011f\u0131 taraf\u0131ndan \u015fehit aileleri ve gaziler i\u00e7in iftar program\u0131 d\u00fczenlendi. Mente\u015fe \u00d6\u011fretmenevi salonunda ger\u00e7ekle\u015fen iftar program\u0131na \u015fehit aileleri ve gazilerin yan\u0131 s\u0131ra emniyet te\u015fkilat\u0131 mensuplar\u0131 ve Emniyet Te\u015fkilat\u0131 Vazife Malul\u00fc ve \u015eehit Aileleri Vakf\u0131 Y\u00f6netim Kurulu Ba\u015fkan\u0131 Abdurrahman Y\u0131lmaz da kat\u0131ld\u0131. Emniyet Te\u015fkilat\u0131 Vazife Malul\u00fc&#8230;<\/p>\n","protected":false},"author":1,"featured_media":26001,"comment_status":"open","ping_status":"open","sticky":false,"template":"","format":"standard","meta":{"_crdt_document":"","footnotes":""},"categories":[123],"tags":[],"class_list":["post-26000","post","type-post","status-publish","format-standard","has-post-thumbnail","hentry","category-gundem"],"_links":{"self":[{"href":"https:\/\/www.egemtv.com\/index.php?rest_route=\/wp\/v2\/posts\/26000","targetHints":{"allow":["GET"]}}],"collection":[{"href":"https:\/\/www.egemtv.com\/index.php?rest_route=\/wp\/v2\/posts"}],"about":[{"href":"https:\/\/www.egemtv.com\/index.php?rest_route=\/wp\/v2\/types\/post"}],"author":[{"embeddable":true,"href":"https:\/\/www.egemtv.com\/index.php?rest_route=\/wp\/v2\/users\/1"}],"replies":[{"embeddable":true,"href":"https:\/\/www.egemtv.com\/index.php?rest_route=%2Fwp%2Fv2%2Fcomments&post=26000"}],"version-history":[{"count":1,"href":"https:\/\/www.egemtv.com\/index.php?rest_route=\/wp\/v2\/posts\/26000\/revisions"}],"predecessor-version":[{"id":26002,"href":"https:\/\/www.egemtv.com\/index.php?rest_route=\/wp\/v2\/posts\/26000\/revisions\/26002"}],"wp:featuredmedia":[{"embeddable":true,"href":"https:\/\/www.egemtv.com\/index.php?rest_route=\/wp\/v2\/media\/26001"}],"wp:attachment":[{"href":"https:\/\/www.egemtv.com\/index.php?rest_route=%2Fwp%2Fv2%2Fmedia&parent=26000"}],"wp:term":[{"taxonomy":"category","embeddable":true,"href":"https:\/\/www.egemtv.com\/index.php?rest_route=%2Fwp%2Fv2%2Fcategories&post=26000"},{"taxonomy":"post_tag","embeddable":true,"href":"https:\/\/www.egemtv.com\/index.php?rest_route=%2Fwp%2Fv2%2Ftags&post=26000"}],"curies":[{"name":"wp","href":"https:\/\/api.w.org\/{rel}","templated":true}]}}