{"id":25994,"date":"2025-03-22T20:43:10","date_gmt":"2025-03-22T17:43:10","guid":{"rendered":"https:\/\/www.egemtv.com\/?p=25994"},"modified":"2025-03-22T20:43:13","modified_gmt":"2025-03-22T17:43:13","slug":"usak-universitesi-baharin-mujdecisi-nevruzu-kutladi","status":"publish","type":"post","link":"https:\/\/www.egemtv.com\/?p=25994","title":{"rendered":"U\u015fak \u00dcniversitesi, bahar\u0131n m\u00fcjdecisi Nevruz\u2019u kutlad\u0131"},"content":{"rendered":"<p>U\u015fak \u00dcniversitesi bahar\u0131n geli\u015finin simgesi olan Nevruz Bayram\u0131n\u0131 \u00e7e\u015fitli etkinliklerle kutlad\u0131.<br \/>\n<br \/>Bahar\u0131n geli\u015fi, bolluk ve bereketin habercisi Nevruz Bayram\u0131, U\u015fak \u00dcniversitesi Recep Tayyip Erdo\u011fan Kongre ve K\u00fclt\u00fcr Merkezinde, U\u015fak Belediye Ba\u015fkan\u0131 \u00d6zkan Yal\u0131m, U\u015fak \u00dcniversitesi Rekt\u00f6r\u00fc Prof. Dr. Ekrem Sava\u015f, U\u015fak Vali Yard\u0131mc\u0131s\u0131 Burak Bozkurt G\u00fcrses, il protokol\u00fc, akademisyenler ve \u00f6\u011frencilerin yo\u011fun kat\u0131l\u0131m\u0131 ile kutland\u0131.<br \/>\n<br \/>Sayg\u0131 duru\u015fu ve \u0130stiklal Mar\u015f\u0131\u2019n\u0131n okunmas\u0131yla ba\u015flayan t\u00f6rende K\u00fclt\u00fcr ve Turizm Bakanl\u0131\u011f\u0131n\u0131n haz\u0131rlad\u0131\u011f\u0131 Nevruz Belgeseli g\u00f6sterimi sonras\u0131nda a\u00e7\u0131l\u0131\u015f konu\u015fmalar\u0131 yap\u0131ld\u0131.<br \/>\n<br \/>Rekt\u00f6r Sava\u015f: &#8220;Nevruz, birlik ve beraberli\u011fin, ho\u015fg\u00f6r\u00fcn\u00fcn ve karde\u015fli\u011fin sembol\u00fcd\u00fcr.\u2019\u2019<br \/>\n<br \/>U\u015fak \u00dcniversitesi Rekt\u00f6r\u00fc Prof. Dr. Ekrem Sava\u015f, Nevruz program\u0131nda yapt\u0131\u011f\u0131 konu\u015fmada Nevruz\u2019un yaln\u0131zca mevsim de\u011fi\u015fikli\u011fini simgelemekle kalmay\u0131p, ayn\u0131 zamanda yeniliklerin, ba\u015flang\u0131\u00e7lar\u0131n ve umutlar\u0131n sembol\u00fc oldu\u011funu vurgulad\u0131.<br \/>\n<br \/>Rekt\u00f6r Sava\u015f, konu\u015fmas\u0131nda \u015fu ifadelere yer verdi: &#8220;Nevruz, sadece bir mevsim de\u011fi\u015fikli\u011fi de\u011fil, ayn\u0131 zamanda yeniliklerin, ba\u015flang\u0131\u00e7lar\u0131n ve umutlar\u0131n simgesidir. Do\u011fan\u0131n uyan\u0131\u015f\u0131 gibi, Nevruz da ruhumuzu canland\u0131r\u0131r, bizi yeniden do\u011fmaya, birlikte b\u00fcy\u00fcmeye ve ilerlemeye davet eder. Y\u00fczy\u0131llard\u0131r s\u00fcregelen bu gelenek, bizlere bar\u0131\u015f\u0131n, dostlu\u011fun ve karde\u015fli\u011fin ne kadar k\u0131ymetli oldu\u011funu hat\u0131rlat\u0131r. T\u00fcrk milletinin binlerce y\u0131ll\u0131k k\u00fclt\u00fcrel miras\u0131, bizlere birlik ve beraberlik i\u00e7inde daha g\u00fc\u00e7l\u00fc olman\u0131n, farkl\u0131l\u0131klar\u0131m\u0131z\u0131 zenginlik olarak g\u00f6rmenin ne kadar \u00f6nemli oldu\u011funu \u00f6\u011fretmi\u015ftir. Bug\u00fcn burada, bu co\u015fkuya ortak olurken, sadece ge\u00e7mi\u015fin izlerini de\u011fil, gelece\u011fin umutlar\u0131n\u0131 da kutluyoruz.&#8221; dedi.<br \/>\n<br \/>Rekt\u00f6r Sava\u015f: \u2018\u2018Nevruz Bayram\u0131\u2019n\u0131n ba\u015fta \u00dclkemiz olmak \u00fczere, g\u00f6n\u00fcl co\u011frafyam\u0131za ve b\u00fct\u00fcn insanl\u0131\u011fa hay\u0131rlar getirmesini dilerim.\u2019\u2019<br \/>\n<br \/>Rekt\u00f6r Sava\u015f konu\u015fmas\u0131n\u0131, Nevruz Bayram\u0131\u2019n\u0131n ba\u015fta T\u00fcrkiye olmak \u00fczere t\u00fcm g\u00f6n\u00fcl co\u011frafyas\u0131na ve insanl\u0131\u011fa bar\u0131\u015f, huzur ve mutluluk getirmesini temenni ederek tamamlad\u0131.<br \/>\n<br \/>Belediye Ba\u015fkan\u0131 \u00d6zkan Yal\u0131m, 21 Mart Nevruz Bayram\u0131n\u0131 kutlayarak herkese \u00e7al\u0131\u015fmalar\u0131nda ba\u015far\u0131lar diledi.<br \/>\n<br \/>Vali Yard\u0131mc\u0131s\u0131 Burak Bozkurt G\u00fcrses Nevruz\u2019un T\u00fcrk k\u00fclt\u00fcr\u00fcndeki \u00f6nemine dikkat \u00e7ekerek birlik ve beraberlik duygular\u0131n\u0131 peki\u015ftiren bahar\u0131n m\u00fcjdecisi Nevruz Bayram\u0131\u2019n\u0131 kutlad\u0131.<br \/>\n<br \/>A\u00e7\u0131l\u0131\u015f konu\u015fmalar\u0131n\u0131n ard\u0131ndan Nevruz etkinlikleri kapsam\u0131nda, sanat direkt\u00f6rl\u00fc\u011f\u00fcn\u00fc U\u015fak \u00dcniversitesi E\u011fitim Fak\u00fcltesi \u00d6\u011fretim G\u00f6revlisi Dr. Onur Alt\u0131ntu\u011f\u2019un, koreografisini ise Spor Bilimleri Fak\u00fcltesi \u00d6\u011fretim G\u00f6revlisi Meltem Alt\u0131ntu\u011f\u2019un \u00fcstlendi\u011fi m\u00fczik ve halk oyunlar\u0131 g\u00f6sterisi b\u00fcy\u00fck be\u011feni toplad\u0131. G\u00f6steri izleyicilere unutulmaz anlar ya\u015fatt\u0131.<br \/>\n<br \/>Recep Tayyip Erdo\u011fan Kongre ve K\u00fclt\u00fcr Merkezindeki program Dr. Onur Alt\u0131ntu\u011f ve \u00d6\u011fretim G\u00f6revlisi Meltem Alt\u0131ntu\u011f\u2019a te\u015fekk\u00fcr plaketi verilmesi ve toplu foto\u011fraf \u00e7ekimiyle sona erdi.<br \/>\n<br \/>Nevruz kutlamalar\u0131, Rekt\u00f6r Prof. Dr. Ekrem Sava\u015f ve il protokol\u00fcn\u00fcn, Nevruz\u2019un simgelerinden olan \u00f6rste demir d\u00f6vmeleri ve nevruz ate\u015fini yakmalar\u0131yla devam etti. Rekt\u00f6r Sava\u015f ve \u00f6\u011frenciler yak\u0131lan Nevruz ate\u015finden co\u015fkuyla atlad\u0131. Kutlamalarda U\u015fak \u00dcniversitesi \u00f6\u011frenci topluluklar\u0131 da stant a\u00e7t\u0131. Rekt\u00f6r Prof. Dr. Ekrem Sava\u015f ve beraberindeki heyet stantlar\u0131 ziyaret ederek \u00f6\u011frencilerle sohbet etti.<br \/><\/p>\n","protected":false},"excerpt":{"rendered":"<p>U\u015fak \u00dcniversitesi bahar\u0131n geli\u015finin simgesi olan Nevruz Bayram\u0131n\u0131 \u00e7e\u015fitli etkinliklerle kutlad\u0131. Bahar\u0131n geli\u015fi, bolluk ve bereketin habercisi Nevruz Bayram\u0131, U\u015fak \u00dcniversitesi Recep Tayyip Erdo\u011fan Kongre ve K\u00fclt\u00fcr Merkezinde, U\u015fak Belediye Ba\u015fkan\u0131 \u00d6zkan Yal\u0131m, U\u015fak \u00dcniversitesi Rekt\u00f6r\u00fc Prof. Dr. Ekrem Sava\u015f, U\u015fak Vali Yard\u0131mc\u0131s\u0131 Burak Bozkurt G\u00fcrses, il protokol\u00fc, akademisyenler ve \u00f6\u011frencilerin yo\u011fun kat\u0131l\u0131m\u0131 ile kutland\u0131&#8230;.<\/p>\n","protected":false},"author":1,"featured_media":25995,"comment_status":"open","ping_status":"open","sticky":false,"template":"","format":"standard","meta":{"_crdt_document":"","footnotes":""},"categories":[1],"tags":[],"class_list":["post-25994","post","type-post","status-publish","format-standard","has-post-thumbnail","hentry","category-guncel"],"_links":{"self":[{"href":"https:\/\/www.egemtv.com\/index.php?rest_route=\/wp\/v2\/posts\/25994","targetHints":{"allow":["GET"]}}],"collection":[{"href":"https:\/\/www.egemtv.com\/index.php?rest_route=\/wp\/v2\/posts"}],"about":[{"href":"https:\/\/www.egemtv.com\/index.php?rest_route=\/wp\/v2\/types\/post"}],"author":[{"embeddable":true,"href":"https:\/\/www.egemtv.com\/index.php?rest_route=\/wp\/v2\/users\/1"}],"replies":[{"embeddable":true,"href":"https:\/\/www.egemtv.com\/index.php?rest_route=%2Fwp%2Fv2%2Fcomments&post=25994"}],"version-history":[{"count":1,"href":"https:\/\/www.egemtv.com\/index.php?rest_route=\/wp\/v2\/posts\/25994\/revisions"}],"predecessor-version":[{"id":25996,"href":"https:\/\/www.egemtv.com\/index.php?rest_route=\/wp\/v2\/posts\/25994\/revisions\/25996"}],"wp:featuredmedia":[{"embeddable":true,"href":"https:\/\/www.egemtv.com\/index.php?rest_route=\/wp\/v2\/media\/25995"}],"wp:attachment":[{"href":"https:\/\/www.egemtv.com\/index.php?rest_route=%2Fwp%2Fv2%2Fmedia&parent=25994"}],"wp:term":[{"taxonomy":"category","embeddable":true,"href":"https:\/\/www.egemtv.com\/index.php?rest_route=%2Fwp%2Fv2%2Fcategories&post=25994"},{"taxonomy":"post_tag","embeddable":true,"href":"https:\/\/www.egemtv.com\/index.php?rest_route=%2Fwp%2Fv2%2Ftags&post=25994"}],"curies":[{"name":"wp","href":"https:\/\/api.w.org\/{rel}","templated":true}]}}