{"id":25991,"date":"2025-03-22T20:23:26","date_gmt":"2025-03-22T17:23:26","guid":{"rendered":"https:\/\/www.egemtv.com\/?p=25991"},"modified":"2025-03-22T20:23:30","modified_gmt":"2025-03-22T17:23:30","slug":"aydinda-kan-bagisi-kampanyasina-vatandaslar-ilgi-gosterdi","status":"publish","type":"post","link":"https:\/\/www.egemtv.com\/?p=25991","title":{"rendered":"Ayd\u0131n\u2019da kan ba\u011f\u0131\u015f\u0131 kampanyas\u0131na vatanda\u015flar ilgi g\u00f6sterdi"},"content":{"rendered":"<p>Ayd\u0131n\u2019da kan stoklar\u0131 kritik seviyelere d\u00fc\u015ferken, kan\u0131n her zaman ihtiya\u00e7 oldu\u011funa dikkat \u00e7ekilen kan ba\u011f\u0131\u015f\u0131 kampanyas\u0131na vatanda\u015flar ilgi g\u00f6sterdi.<br \/>\n<br \/>Ramazan ay\u0131n\u0131n gelmesiyle birlikte kan ba\u011f\u0131\u015flar\u0131nda da azalma ya\u015fan\u0131rken, Ayd\u0131n\u2019daki kan stoklar\u0131 kritik seviyelere ula\u015ft\u0131. Bu kapsamda Efeler il\u00e7esi Atat\u00fcrk Kent Meydan\u0131\u2019nda K\u0131z\u0131lay Ayd\u0131n Kan Ba\u011f\u0131\u015f Merkezi taraf\u0131ndan kan ba\u011f\u0131\u015f\u0131 kampanyas\u0131 ger\u00e7ekle\u015ftirildi. Kan ba\u011f\u0131\u015f\u0131n\u0131n \u00f6nemine dikkat \u00e7ekilen kampanyada kan\u0131n bir g\u00fcn de\u011fil her zaman ihtiya\u00e7 oldu\u011fu hat\u0131rlat\u0131ld\u0131. \u00d6zellikle kanser, talasemi gibi hastal\u0131klar sebebi ile tedavi g\u00f6ren vatanda\u015flar i\u00e7in kan\u0131n d\u00fczenli olarak ihtiya\u00e7 oldu\u011fu bilinirken, K\u0131z\u0131lay Kan Ba\u011f\u0131\u015f Merkezi vatanda\u015flara kan ba\u011f\u0131\u015f\u0131 \u00e7a\u011fr\u0131s\u0131nda bulundu.<br \/>\n<br \/>Son y\u0131llarda ya\u015fanan pandemi, salg\u0131n gibi etkilerin yan\u0131 s\u0131ra Ramazan ay\u0131 ile birlikte il genelinde kan stoklar\u0131n\u0131n kritik seviyede oldu\u011fu \u00f6\u011frenilirken ya\u015fanan salg\u0131nlar dolay\u0131s\u0131yla Ayd\u0131n\u2019da kan ba\u011f\u0131\u015f\u0131 beklenen seviyenin alt\u0131nda kald\u0131. \u0130l genelinde bulunan K\u0131z\u0131lay kan stoklar\u0131n\u0131n kritik seviyeye ula\u015ft\u0131\u011f\u0131 \u00f6\u011frenilirken, Kent Meydan\u0131\u2019nda haz\u0131r bulundurulan mobil kan ba\u011f\u0131\u015f arac\u0131na vatanda\u015flar\u0131n ilgisi yo\u011fun oldu. Kampanyan\u0131n yan\u0131 s\u0131ra K\u0131z\u0131lay G\u00f6n\u00fcll\u00fcs\u00fc gen\u00e7ler de kendini sa\u011fl\u0131kl\u0131 hisseden 18-65 ya\u015f aral\u0131\u011f\u0131ndaki b\u00fct\u00fcn vatanda\u015flar\u0131 ba\u011f\u0131\u015f noktalar\u0131na beklediklerini ifade ederek bilgilendirici bro\u015f\u00fcrler da\u011f\u0131tt\u0131.<\/p>\n<p>&#8220;4 ayda bir kan vermek ger\u00e7ekten \u00e7ok faydal\u0131&#8221;<br \/>\n<br \/>Kan ba\u011f\u0131\u015f\u0131n\u0131n insan\u0131n kendi kan\u0131n\u0131 yenilemesi ve sa\u011fl\u0131k a\u00e7\u0131s\u0131ndan da \u00f6nemli oldu\u011funu ifade eden ba\u011f\u0131\u015f\u00e7\u0131lardan Kader Erg\u00fcn; &#8220;V\u00fccut sa\u011fl\u0131\u011f\u0131 i\u00e7in de 4 ayda bir kan vermek ger\u00e7ekten \u00e7ok faydal\u0131. Ben her 4 ayda bir elimden geldi\u011fince kan veriyorum \u00e7\u00fcnk\u00fc v\u00fccut kan\u0131 yeniliyor. Bayanlar ve erkekler i\u00e7in de tavsiye ediyorum. Ger\u00e7ekten bir\u00e7ok ila\u00e7 kullan\u0131p tedavi olmaktansa kan yenilemeyi bu \u015fekilde yapmay\u0131 tercih ediyorum. Kan stoklar\u0131 azalm\u0131\u015f. Hastalara umut olmak a\u00e7\u0131s\u0131ndan da insanlar buralara gelip kan verebilirler asl\u0131nda&#8221; dedi.<\/p>\n<p>&#8220;15 dakikada 3 hayat kurtarabiliyoruz&#8221;<br \/>\n<br \/>15 dakikal\u0131k kan verme i\u015flemi ile 3 hayat kurtar\u0131labildi\u011fini ifade eden ba\u011f\u0131\u015f\u00e7\u0131lardan S\u00fcmeyra Nurmun, &#8220;Hayat kurtarmak istiyorsak kan vermemiz gerekiyor. Kan stoklar\u0131m\u0131z bildi\u011fim kadar\u0131yla bitmi\u015f. Bu y\u00fczden kan vermemiz gerekiyor. 15 dakikada 3 hayat kurtarabiliyoruz. \u0130leride bizim de ihtiyac\u0131m\u0131z olabilir ya da bizim bir tan\u0131d\u0131\u011f\u0131m\u0131z\u0131n da ihtiyac\u0131 olabilir. Bu y\u00fczden ben d\u00fczenli olarak kan veriyorum. Herkesi de bekliyorum kan vermeye&#8221; \u015feklinde konu\u015ftu.<\/p>\n<p>&#8220;Beni \u00e7ok mutlu etmi\u015fti&#8221;<br \/>\n<br \/>\u0130nsanlar\u0131n yar\u0131n kendisine de kan laz\u0131m olabilece\u011fi bilincinde olmas\u0131 gerekti\u011fini ifade eden ba\u011f\u0131\u015f\u00e7\u0131lardan Esma Nur Tuzocak, &#8220;D\u00fczenli olarak zaten kan veren biriyim asl\u0131nda. \u0130lk ba\u015fta her zaman bir stres, heyecan oluyor kan vermenin ama verdikten sonra ger\u00e7ekten kendinizi \u00e7ok rahatlam\u0131\u015f, huzurlu hissediyorsunuz. \u0130\u00e7eride de asl\u0131nda gayet g\u00fczel ilgileniyorlar. Ba\u015f\u0131n\u0131z d\u00f6nerse veya herhangi bir durumda hemen yan\u0131 ba\u015f\u0131n\u0131zda duruyorlar. Kan vermek, g\u00fczel bir eylem. Ben ilk verdi\u011fimde de \u00e7ok heyecanlanm\u0131\u015ft\u0131m. Sonras\u0131nda bana mesaj gelmi\u015fti \u20183 ki\u015fiye can oldunuz\u2019 diye. Bu beni \u00e7ok mutlu etmi\u015fti. Kesinlikle 3 ki\u015fiye can olmak, kan olmak insanl\u0131k ad\u0131na ger\u00e7ekten \u00f6nemli oldu\u011funu d\u00fc\u015f\u00fcn\u00fcyorum. Yar\u0131n bir g\u00fcn bizlerin de ihtiyac\u0131 olabilir. \u0130nsanlar\u0131n bunun bilincinde olmas\u0131 gerekti\u011fini d\u00fc\u015f\u00fcn\u00fcyorum. Bu bilin\u00e7le de hareket edersek asl\u0131nda kan vermenin ne kadar \u00f6nemli oldu\u011funu idrak etmi\u015f oluruz diye d\u00fc\u015f\u00fcn\u00fcyorum&#8221; dedi.<br \/><\/p>\n","protected":false},"excerpt":{"rendered":"<p>Ayd\u0131n\u2019da kan stoklar\u0131 kritik seviyelere d\u00fc\u015ferken, kan\u0131n her zaman ihtiya\u00e7 oldu\u011funa dikkat \u00e7ekilen kan ba\u011f\u0131\u015f\u0131 kampanyas\u0131na vatanda\u015flar ilgi g\u00f6sterdi. Ramazan ay\u0131n\u0131n gelmesiyle birlikte kan ba\u011f\u0131\u015flar\u0131nda da azalma ya\u015fan\u0131rken, Ayd\u0131n\u2019daki kan stoklar\u0131 kritik seviyelere ula\u015ft\u0131. Bu kapsamda Efeler il\u00e7esi Atat\u00fcrk Kent Meydan\u0131\u2019nda K\u0131z\u0131lay Ayd\u0131n Kan Ba\u011f\u0131\u015f Merkezi taraf\u0131ndan kan ba\u011f\u0131\u015f\u0131 kampanyas\u0131 ger\u00e7ekle\u015ftirildi. Kan ba\u011f\u0131\u015f\u0131n\u0131n \u00f6nemine dikkat&#8230;<\/p>\n","protected":false},"author":1,"featured_media":25992,"comment_status":"open","ping_status":"open","sticky":false,"template":"","format":"standard","meta":{"_crdt_document":"","footnotes":""},"categories":[2],"tags":[],"class_list":["post-25991","post","type-post","status-publish","format-standard","has-post-thumbnail","hentry","category-saglik"],"_links":{"self":[{"href":"https:\/\/www.egemtv.com\/index.php?rest_route=\/wp\/v2\/posts\/25991","targetHints":{"allow":["GET"]}}],"collection":[{"href":"https:\/\/www.egemtv.com\/index.php?rest_route=\/wp\/v2\/posts"}],"about":[{"href":"https:\/\/www.egemtv.com\/index.php?rest_route=\/wp\/v2\/types\/post"}],"author":[{"embeddable":true,"href":"https:\/\/www.egemtv.com\/index.php?rest_route=\/wp\/v2\/users\/1"}],"replies":[{"embeddable":true,"href":"https:\/\/www.egemtv.com\/index.php?rest_route=%2Fwp%2Fv2%2Fcomments&post=25991"}],"version-history":[{"count":1,"href":"https:\/\/www.egemtv.com\/index.php?rest_route=\/wp\/v2\/posts\/25991\/revisions"}],"predecessor-version":[{"id":25993,"href":"https:\/\/www.egemtv.com\/index.php?rest_route=\/wp\/v2\/posts\/25991\/revisions\/25993"}],"wp:featuredmedia":[{"embeddable":true,"href":"https:\/\/www.egemtv.com\/index.php?rest_route=\/wp\/v2\/media\/25992"}],"wp:attachment":[{"href":"https:\/\/www.egemtv.com\/index.php?rest_route=%2Fwp%2Fv2%2Fmedia&parent=25991"}],"wp:term":[{"taxonomy":"category","embeddable":true,"href":"https:\/\/www.egemtv.com\/index.php?rest_route=%2Fwp%2Fv2%2Fcategories&post=25991"},{"taxonomy":"post_tag","embeddable":true,"href":"https:\/\/www.egemtv.com\/index.php?rest_route=%2Fwp%2Fv2%2Ftags&post=25991"}],"curies":[{"name":"wp","href":"https:\/\/api.w.org\/{rel}","templated":true}]}}