{"id":25988,"date":"2025-03-22T18:43:43","date_gmt":"2025-03-22T15:43:43","guid":{"rendered":"https:\/\/www.egemtv.com\/?p=25988"},"modified":"2025-03-22T18:43:46","modified_gmt":"2025-03-22T15:43:46","slug":"genel-mudur-talat-postaci-su-kaynaklarimiz-tukenmeden-tuketim-aliskanliklarimizi-degistirmeliyiz","status":"publish","type":"post","link":"https:\/\/www.egemtv.com\/?p=25988","title":{"rendered":"Genel M\u00fcd\u00fcr Talat Postac\u0131: &#8220;Su kaynaklar\u0131m\u0131z t\u00fckenmeden t\u00fcketim al\u0131\u015fkanl\u0131klar\u0131m\u0131z\u0131 de\u011fi\u015ftirmeliyiz&#8221;"},"content":{"rendered":"<p>Manisa B\u00fcy\u00fck\u015fehir Belediyesi Manisa Su ve Kanalizasyon \u0130daresi (MASK\u0130) Genel M\u00fcd\u00fcr\u00fc Talat Postac\u0131, &#8220;Su kaynaklar\u0131m\u0131z t\u00fckenmeden toplum olarak su t\u00fcketim al\u0131\u015fkanl\u0131klar\u0131m\u0131z\u0131 h\u0131zla de\u011fi\u015ftirmeliyiz. Toplum olarak su kullan\u0131m\u0131nda tasarrufa b\u00fcy\u00fck \u00f6nem g\u00f6stermeliyiz&#8221; dedi.<br \/>\n<br \/>MASK\u0130 Genel M\u00fcd\u00fcr\u00fc Talat Postac\u0131, 22 Mart D\u00fcnya Su G\u00fcn\u00fc dolay\u0131s\u0131yla a\u00e7\u0131klama yapt\u0131. Postac\u0131, Manisa genelinde su kaynaklar\u0131n\u0131n bilin\u00e7li t\u00fcketilmesine ve geli\u015ftirilmesine y\u00f6nelik B\u00fcy\u00fck\u015fehir Belediye Ba\u015fkan\u0131 Mimar Ferdi Zeyrek \u00f6nc\u00fcl\u00fc\u011f\u00fcnde \u00f6nemli projelere imza att\u0131klar\u0131n\u0131 belirtti. Postac\u0131, d\u00fcnya n\u00fcfusunun artmas\u0131, k\u00fcresel \u0131s\u0131nmaya ba\u011fl\u0131 iklim de\u011fi\u015fiklikleri ve yeralt\u0131 kaynaklar\u0131n\u0131n kirlenmesiyle birlikte su kaynaklar\u0131n\u0131n her ge\u00e7en g\u00fcn n\u00fcfusun ihtiya\u00e7lar\u0131n\u0131 kar\u015f\u0131layamayacak boyutlara ula\u015ft\u0131\u011f\u0131na dikkat \u00e7ekti.<\/p>\n<p>Manisa\u2019da bir ilk: \u2019Su \u00c7al\u0131\u015ftay\u0131\u2019<br \/>\n<br \/>Postac\u0131, &#8220;Su kaynaklar\u0131m\u0131z\u0131 korumak i\u00e7in B\u00fcy\u00fck\u015fehir Belediye Ba\u015fkan\u0131m\u0131z Ferdi Zeyrek \u00f6nc\u00fcl\u00fc\u011f\u00fcnde Manisa tarihinde ilk defa \u2018Manisa Su \u00c7al\u0131\u015ftay\u0131\u2019n\u0131 2024 y\u0131l\u0131nda ger\u00e7ekle\u015ftirdik. Birbirinden \u00f6nemli akademisyenler e\u015fli\u011finde i\u00e7me suyu kaynaklar\u0131n\u0131n korunmas\u0131 i\u00e7in \u00e7al\u0131\u015ft\u0131k ve 10 ba\u015fl\u0131k alt\u0131nda bir \u00e7\u00f6z\u00fcm bildirgesi haz\u0131rlad\u0131k. Ba\u015fkan\u0131m\u0131z Ferdi Zeyrek, \u00c7al\u0131\u015ftay\u2019da, \u2018Su konusunda toplumsal yeni bir s\u00f6zle\u015fmeye ihtiya\u00e7 duyuldu\u011fu \u00e7ok net anla\u015f\u0131l\u0131yor. Biz, \u00fcst\u00fcm\u00fcze d\u00fc\u015fen g\u00f6revleri, sorumluluklar\u0131, \u00f6devleri h\u0131zl\u0131ca yerine getirece\u011fiz. Di\u011fer kurumlar\u0131n, payda\u015flar\u0131n da bu sorumlulukta olmas\u0131n\u0131 \u00f6nemle rica ediyoruz. Sadece ricac\u0131 olmayaca\u011f\u0131z elbette; takip\u00e7isi de olaca\u011f\u0131z\u2019 demi\u015fti. Biz de kurum olarak t\u00fcm payda\u015flarla birlikte Manisa\u2019n\u0131n su kaynaklar\u0131n\u0131 korumak i\u00e7in \u00e7al\u0131\u015fmaya devam ediyoruz&#8221; dedi.<\/p>\n<p>Asbestli altyap\u0131lar modernize ediliyor<br \/>\n<br \/>Yeralt\u0131 ve yer\u00fcst\u00fc kaynaklar\u0131n\u0131n her zamankinden daha fazla korunmas\u0131na ve su israf\u0131n\u0131n \u00f6nlenmesi i\u00e7in k\u00fc\u00e7\u00fck b\u00fcy\u00fck, gen\u00e7 ya\u015fl\u0131 herkese b\u00fcy\u00fck g\u00f6rev d\u00fc\u015ft\u00fc\u011f\u00fcne dikkat \u00e7eken Genel M\u00fcd\u00fcr Postac\u0131, \u015funlar\u0131 ifade etti:  &#8220;\u0130\u00e7me suyu altyap\u0131s\u0131ndaki fiziki kay\u0131plar\u0131 \u00f6nlemek i\u00e7in Ba\u015fkan\u0131m\u0131z Ferdi Zeyrek\u2019in \u00f6nc\u00fcl\u00fc\u011f\u00fcnde ba\u015flatt\u0131\u011f\u0131m\u0131z \u2018Altyap\u0131 Seferberli\u011fi\u2019 kapsam\u0131nda bug\u00fcne kadar 150 kilometre hat d\u00f6\u015feme \u00e7al\u0131\u015fmas\u0131 ger\u00e7ekle\u015ftirdik. Eski asbestli altyap\u0131lar\u0131 sa\u011fl\u0131kl\u0131 hale getirmek, fiziki kay\u0131plar\u0131n \u00f6n\u00fcne ge\u00e7mek i\u00e7in yeni imalatlar\u0131m\u0131za devam ediyoruz ve kararl\u0131l\u0131kla devam edece\u011fiz. Fiziki kay\u0131plar\u0131 \u00f6nlemek i\u00e7in yapt\u0131\u011f\u0131m\u0131z \u00e7al\u0131\u015fmalar i\u00e7erisinde b\u00fcy\u00fck \u00e7apl\u0131 ve su s\u0131z\u0131nt\u0131lar\u0131 ya\u015fanan i\u00e7me suyu depolar\u0131n\u0131n bak\u0131m-onar\u0131mlar\u0131n\u0131 yap\u0131yor, ayn\u0131 zamanda 30-40 y\u0131ll\u0131k eski vanalar\u0131 yeniliyoruz. Temiz su kaynaklar\u0131n\u0131n kirlenmemesi i\u00e7in at\u0131k su ar\u0131tma tesislerimizi ba\u015far\u0131yla i\u015fletiyor, yeni tesisler i\u00e7in \u00e7al\u0131\u015f\u0131yoruz. Kanalizasyon altyap\u0131lar\u0131n\u0131 sa\u011fl\u0131kl\u0131 hale getiriyoruz&#8221;<\/p>\n<p>&#8220;Su krizi k\u00fcresel bir sorundur&#8221;<br \/>\n<br \/>Postac\u0131, a\u00e7\u0131klamas\u0131n\u0131n devam\u0131nda, &#8220;\u00dclkemizde her y\u0131l ki\u015fi ba\u015f\u0131na d\u00fc\u015fen su miktar\u0131 azal\u0131\u015f g\u00f6stermekte. Uluslararas\u0131 kurulu\u015flar taraf\u0131ndan yap\u0131lan konferanslar ve sunulan raporlar da su kaynaklar\u0131n\u0131n kar\u015f\u0131 kar\u015f\u0131ya kald\u0131\u011f\u0131 tehlikeleri ortaya koymakta. Su krizi, k\u00fcresel bir sorun. Su kaynaklar\u0131n\u0131n verimli kullan\u0131m\u0131 i\u00e7in etkin bir su y\u00f6netimini zorunlu hale getirmi\u015ftir. Hepimizin bildi\u011fi gibi ya\u015fam\u0131n vazge\u00e7ilmez bir kayna\u011f\u0131 olan suyu toplum olarak t\u00fcketim al\u0131\u015fkanl\u0131klar\u0131m\u0131z\u0131 tasarrufa y\u00f6nlendirerek koruyabiliriz. Yeralt\u0131 ve yer\u00fcst\u00fc su kaynaklar\u0131m\u0131z s\u0131n\u0131rs\u0131z olmad\u0131\u011f\u0131 gibi h\u0131zla t\u00fckenmekte. Bu nedenle su kaynaklar\u0131m\u0131z t\u00fckenmeden toplum olarak su t\u00fcketim al\u0131\u015fkanl\u0131klar\u0131m\u0131z\u0131 h\u0131zla de\u011fi\u015ftirmeliyiz. Toplum olarak su kullan\u0131m\u0131nda tasarrufa b\u00fcy\u00fck \u00f6nem g\u00f6stermeliyiz&#8221; ifadelerini kulland\u0131.<\/p>\n<p>Manisa\u2019n\u0131n i\u00e7me suyu yeralt\u0131ndan kar\u015f\u0131lan\u0131yor<br \/>\n<br \/>Manisa\u2019da i\u00e7me suyu ihtiyac\u0131n\u0131n y\u00fczde 98\u2019inin yeralt\u0131ndan sondajlarla \u00e7\u0131kar\u0131ld\u0131\u011f\u0131n\u0131 s\u00f6yleyen Talat Postac\u0131, &#8220;Her ge\u00e7en y\u0131l etkisini daha \u00e7ok hissetti\u011fimiz kurakl\u0131k tehdidi nedeniyle sondaj pompalar\u0131m\u0131z\u0131 daha derine indirmek zorunda kal\u0131yoruz. Yeni a\u00e7t\u0131\u011f\u0131m\u0131z ya da a\u00e7mak zorunda kald\u0131\u011f\u0131m\u0131z sondajlarda da \u00f6nceden 100-150 metreden su temin ederken \u015fimdi bu rakamlar\u0131n 250-300 metrelere geldi\u011fini g\u00f6r\u00fcyoruz. Sonu\u00e7 itibar\u0131yla suyumuzu tasarruflu kullanmak zorunday\u0131z. Su kaynaklar\u0131 sonsuz de\u011fil. L\u00fctfen suyumuzu t\u00fcm Manisal\u0131lar olarak bilin\u00e7li ve tasarruflu bir \u015fekilde kullanal\u0131m&#8221; diyerek s\u00f6zlerini noktalad\u0131.<br \/><\/p>\n","protected":false},"excerpt":{"rendered":"<p>Manisa B\u00fcy\u00fck\u015fehir Belediyesi Manisa Su ve Kanalizasyon \u0130daresi (MASK\u0130) Genel M\u00fcd\u00fcr\u00fc Talat Postac\u0131, &#8220;Su kaynaklar\u0131m\u0131z t\u00fckenmeden toplum olarak su t\u00fcketim al\u0131\u015fkanl\u0131klar\u0131m\u0131z\u0131 h\u0131zla de\u011fi\u015ftirmeliyiz. Toplum olarak su kullan\u0131m\u0131nda tasarrufa b\u00fcy\u00fck \u00f6nem g\u00f6stermeliyiz&#8221; dedi. MASK\u0130 Genel M\u00fcd\u00fcr\u00fc Talat Postac\u0131, 22 Mart D\u00fcnya Su G\u00fcn\u00fc dolay\u0131s\u0131yla a\u00e7\u0131klama yapt\u0131. Postac\u0131, Manisa genelinde su kaynaklar\u0131n\u0131n bilin\u00e7li t\u00fcketilmesine ve geli\u015ftirilmesine y\u00f6nelik&#8230;<\/p>\n","protected":false},"author":1,"featured_media":25989,"comment_status":"open","ping_status":"open","sticky":false,"template":"","format":"standard","meta":{"_crdt_document":"","footnotes":""},"categories":[1],"tags":[],"class_list":["post-25988","post","type-post","status-publish","format-standard","has-post-thumbnail","hentry","category-guncel"],"_links":{"self":[{"href":"https:\/\/www.egemtv.com\/index.php?rest_route=\/wp\/v2\/posts\/25988","targetHints":{"allow":["GET"]}}],"collection":[{"href":"https:\/\/www.egemtv.com\/index.php?rest_route=\/wp\/v2\/posts"}],"about":[{"href":"https:\/\/www.egemtv.com\/index.php?rest_route=\/wp\/v2\/types\/post"}],"author":[{"embeddable":true,"href":"https:\/\/www.egemtv.com\/index.php?rest_route=\/wp\/v2\/users\/1"}],"replies":[{"embeddable":true,"href":"https:\/\/www.egemtv.com\/index.php?rest_route=%2Fwp%2Fv2%2Fcomments&post=25988"}],"version-history":[{"count":1,"href":"https:\/\/www.egemtv.com\/index.php?rest_route=\/wp\/v2\/posts\/25988\/revisions"}],"predecessor-version":[{"id":25990,"href":"https:\/\/www.egemtv.com\/index.php?rest_route=\/wp\/v2\/posts\/25988\/revisions\/25990"}],"wp:featuredmedia":[{"embeddable":true,"href":"https:\/\/www.egemtv.com\/index.php?rest_route=\/wp\/v2\/media\/25989"}],"wp:attachment":[{"href":"https:\/\/www.egemtv.com\/index.php?rest_route=%2Fwp%2Fv2%2Fmedia&parent=25988"}],"wp:term":[{"taxonomy":"category","embeddable":true,"href":"https:\/\/www.egemtv.com\/index.php?rest_route=%2Fwp%2Fv2%2Fcategories&post=25988"},{"taxonomy":"post_tag","embeddable":true,"href":"https:\/\/www.egemtv.com\/index.php?rest_route=%2Fwp%2Fv2%2Ftags&post=25988"}],"curies":[{"name":"wp","href":"https:\/\/api.w.org\/{rel}","templated":true}]}}