{"id":25982,"date":"2025-03-22T18:43:34","date_gmt":"2025-03-22T15:43:34","guid":{"rendered":"https:\/\/www.egemtv.com\/?p=25982"},"modified":"2025-03-22T18:43:39","modified_gmt":"2025-03-22T15:43:39","slug":"burdurda-kontrolden-cikan-otomobil-duvara-carpip-alev-aldi-2-yarali","status":"publish","type":"post","link":"https:\/\/www.egemtv.com\/?p=25982","title":{"rendered":"Burdur\u2019da kontrolden \u00e7\u0131kan otomobil duvara \u00e7arp\u0131p alev ald\u0131: 2 yaral\u0131"},"content":{"rendered":"<p>Burdur\u2019un Bucak il\u00e7esinde kontrolden \u00e7\u0131kan otomobil, bir evin balkon duvar\u0131na \u00e7arparak alev ald\u0131. Kazada 2 ki\u015fi yaraland\u0131.<br \/>\n<br \/>Kaza, Bucak il\u00e7esi Sanayi Mahallesi 2741 Sokak\u2019ta meydana geldi. Edinilen bilgilere g\u00f6re, Servet K. (64) idaresindeki 33 LN 816 plakal\u0131 otomobil, s\u00fcr\u00fcc\u00fcs\u00fcn\u00fcn direksiyon hakimiyetini kaybetmesi sonucu kontrolden \u00e7\u0131karak yol kenar\u0131nda bulunan bir evin balkon duvar\u0131na \u00e7arpt\u0131. \u00c7arpman\u0131n etkisiyle arac\u0131n motor k\u0131sm\u0131nda yang\u0131n \u00e7\u0131kt\u0131. Kazay\u0131 g\u00f6ren \u00e7evredeki vatanda\u015flar\u0131n 112 Acil \u00c7a\u011fr\u0131 Merkezi\u2019ne ihbarda bulunmas\u0131 \u00fczerine olay yerine sa\u011fl\u0131k, itfaiye ve polis ekipleri sevk edildi. S\u00fcr\u00fcc\u00fc Servet K. ve ara\u00e7ta yolcu olarak bulunan Neslihan K. (12), \u00e7evredeki vatanda\u015flar\u0131n yard\u0131m\u0131yla ara\u00e7tan \u00e7\u0131kar\u0131ld\u0131. \u0130lk m\u00fcdahaleleri sa\u011fl\u0131k ekipleri taraf\u0131ndan yap\u0131lan yaral\u0131lar, Bucak Devlet Hastanesi\u2019ne kald\u0131r\u0131ld\u0131.<br \/>\n<br \/>Alev alan otomobil, itfaiye ekiplerinin m\u00fcdahalesiyle s\u00f6nd\u00fcr\u00fcl\u00fcrken, kazayla ilgili inceleme ba\u015flat\u0131ld\u0131.<br \/><\/p>\n","protected":false},"excerpt":{"rendered":"<p>Burdur\u2019un Bucak il\u00e7esinde kontrolden \u00e7\u0131kan otomobil, bir evin balkon duvar\u0131na \u00e7arparak alev ald\u0131. Kazada 2 ki\u015fi yaraland\u0131. Kaza, Bucak il\u00e7esi Sanayi Mahallesi 2741 Sokak\u2019ta meydana geldi. Edinilen bilgilere g\u00f6re, Servet K. (64) idaresindeki 33 LN 816 plakal\u0131 otomobil, s\u00fcr\u00fcc\u00fcs\u00fcn\u00fcn direksiyon hakimiyetini kaybetmesi sonucu kontrolden \u00e7\u0131karak yol kenar\u0131nda bulunan bir evin balkon duvar\u0131na \u00e7arpt\u0131. \u00c7arpman\u0131n etkisiyle&#8230;<\/p>\n","protected":false},"author":1,"featured_media":25983,"comment_status":"open","ping_status":"open","sticky":false,"template":"","format":"standard","meta":{"_crdt_document":"","footnotes":""},"categories":[5],"tags":[],"class_list":["post-25982","post","type-post","status-publish","format-standard","has-post-thumbnail","hentry","category-asayis"],"_links":{"self":[{"href":"https:\/\/www.egemtv.com\/index.php?rest_route=\/wp\/v2\/posts\/25982","targetHints":{"allow":["GET"]}}],"collection":[{"href":"https:\/\/www.egemtv.com\/index.php?rest_route=\/wp\/v2\/posts"}],"about":[{"href":"https:\/\/www.egemtv.com\/index.php?rest_route=\/wp\/v2\/types\/post"}],"author":[{"embeddable":true,"href":"https:\/\/www.egemtv.com\/index.php?rest_route=\/wp\/v2\/users\/1"}],"replies":[{"embeddable":true,"href":"https:\/\/www.egemtv.com\/index.php?rest_route=%2Fwp%2Fv2%2Fcomments&post=25982"}],"version-history":[{"count":1,"href":"https:\/\/www.egemtv.com\/index.php?rest_route=\/wp\/v2\/posts\/25982\/revisions"}],"predecessor-version":[{"id":25984,"href":"https:\/\/www.egemtv.com\/index.php?rest_route=\/wp\/v2\/posts\/25982\/revisions\/25984"}],"wp:featuredmedia":[{"embeddable":true,"href":"https:\/\/www.egemtv.com\/index.php?rest_route=\/wp\/v2\/media\/25983"}],"wp:attachment":[{"href":"https:\/\/www.egemtv.com\/index.php?rest_route=%2Fwp%2Fv2%2Fmedia&parent=25982"}],"wp:term":[{"taxonomy":"category","embeddable":true,"href":"https:\/\/www.egemtv.com\/index.php?rest_route=%2Fwp%2Fv2%2Fcategories&post=25982"},{"taxonomy":"post_tag","embeddable":true,"href":"https:\/\/www.egemtv.com\/index.php?rest_route=%2Fwp%2Fv2%2Ftags&post=25982"}],"curies":[{"name":"wp","href":"https:\/\/api.w.org\/{rel}","templated":true}]}}