{"id":25979,"date":"2025-03-22T18:23:55","date_gmt":"2025-03-22T15:23:55","guid":{"rendered":"https:\/\/www.egemtv.com\/?p=25979"},"modified":"2025-03-22T18:23:59","modified_gmt":"2025-03-22T15:23:59","slug":"marmariste-5i-cocuk-14-duzensiz-gocmen-kurtarildi","status":"publish","type":"post","link":"https:\/\/www.egemtv.com\/?p=25979","title":{"rendered":"Marmaris\u2019te 5\u2019i \u00e7ocuk 14 d\u00fczensiz g\u00f6\u00e7men kurtar\u0131ld\u0131"},"content":{"rendered":"<p>Mu\u011fla\u2019n\u0131n Marmaris il\u00e7esi \u00d6\u011flan Bo\u011fuldu Burnu mevkisinde karadan ula\u015f\u0131m\u0131n bulunmad\u0131\u011f\u0131 b\u00f6lgede 5\u2019i \u00e7ocuk 14 d\u00fczensiz g\u00f6\u00e7men kurtar\u0131ld\u0131.<br \/>\n<br \/>Marmaris il\u00e7esi O\u011flan Bo\u011fuldu Burnu mevkiinde karadan ula\u015f\u0131m\u0131 olmayan b\u00f6lgede bir grup d\u00fczensiz g\u00f6\u00e7menin oldu\u011fu ve yard\u0131m talebinde bulunuldu\u011fu bilgisinin al\u0131nmas\u0131 \u00fczerine Sahil G\u00fcvenlik ekipleri g\u00f6revlendirildi. G\u00f6revlendirilen Sahil G\u00fcvenlik Botu taraf\u0131ndan 9 d\u00fczensiz g\u00f6\u00e7men (beraberinde 5 \u00e7ocuk) kurtar\u0131ld\u0131.<br \/><\/p>\n","protected":false},"excerpt":{"rendered":"<p>Mu\u011fla\u2019n\u0131n Marmaris il\u00e7esi \u00d6\u011flan Bo\u011fuldu Burnu mevkisinde karadan ula\u015f\u0131m\u0131n bulunmad\u0131\u011f\u0131 b\u00f6lgede 5\u2019i \u00e7ocuk 14 d\u00fczensiz g\u00f6\u00e7men kurtar\u0131ld\u0131. Marmaris il\u00e7esi O\u011flan Bo\u011fuldu Burnu mevkiinde karadan ula\u015f\u0131m\u0131 olmayan b\u00f6lgede bir grup d\u00fczensiz g\u00f6\u00e7menin oldu\u011fu ve yard\u0131m talebinde bulunuldu\u011fu bilgisinin al\u0131nmas\u0131 \u00fczerine Sahil G\u00fcvenlik ekipleri g\u00f6revlendirildi. G\u00f6revlendirilen Sahil G\u00fcvenlik Botu taraf\u0131ndan 9 d\u00fczensiz g\u00f6\u00e7men (beraberinde 5 \u00e7ocuk) kurtar\u0131ld\u0131.<\/p>\n","protected":false},"author":1,"featured_media":25980,"comment_status":"open","ping_status":"open","sticky":false,"template":"","format":"standard","meta":{"_crdt_document":"","footnotes":""},"categories":[5],"tags":[],"class_list":["post-25979","post","type-post","status-publish","format-standard","has-post-thumbnail","hentry","category-asayis"],"_links":{"self":[{"href":"https:\/\/www.egemtv.com\/index.php?rest_route=\/wp\/v2\/posts\/25979","targetHints":{"allow":["GET"]}}],"collection":[{"href":"https:\/\/www.egemtv.com\/index.php?rest_route=\/wp\/v2\/posts"}],"about":[{"href":"https:\/\/www.egemtv.com\/index.php?rest_route=\/wp\/v2\/types\/post"}],"author":[{"embeddable":true,"href":"https:\/\/www.egemtv.com\/index.php?rest_route=\/wp\/v2\/users\/1"}],"replies":[{"embeddable":true,"href":"https:\/\/www.egemtv.com\/index.php?rest_route=%2Fwp%2Fv2%2Fcomments&post=25979"}],"version-history":[{"count":1,"href":"https:\/\/www.egemtv.com\/index.php?rest_route=\/wp\/v2\/posts\/25979\/revisions"}],"predecessor-version":[{"id":25981,"href":"https:\/\/www.egemtv.com\/index.php?rest_route=\/wp\/v2\/posts\/25979\/revisions\/25981"}],"wp:featuredmedia":[{"embeddable":true,"href":"https:\/\/www.egemtv.com\/index.php?rest_route=\/wp\/v2\/media\/25980"}],"wp:attachment":[{"href":"https:\/\/www.egemtv.com\/index.php?rest_route=%2Fwp%2Fv2%2Fmedia&parent=25979"}],"wp:term":[{"taxonomy":"category","embeddable":true,"href":"https:\/\/www.egemtv.com\/index.php?rest_route=%2Fwp%2Fv2%2Fcategories&post=25979"},{"taxonomy":"post_tag","embeddable":true,"href":"https:\/\/www.egemtv.com\/index.php?rest_route=%2Fwp%2Fv2%2Ftags&post=25979"}],"curies":[{"name":"wp","href":"https:\/\/api.w.org\/{rel}","templated":true}]}}