{"id":25976,"date":"2025-03-22T18:23:50","date_gmt":"2025-03-22T15:23:50","guid":{"rendered":"https:\/\/www.egemtv.com\/?p=25976"},"modified":"2025-03-22T18:23:55","modified_gmt":"2025-03-22T15:23:55","slug":"manisa-cbude-karate-sampiyonasi-heyecani-basladi","status":"publish","type":"post","link":"https:\/\/www.egemtv.com\/?p=25976","title":{"rendered":"Manisa CB\u00dc\u2019de karate \u015fampiyonas\u0131 heyecan\u0131 ba\u015flad\u0131"},"content":{"rendered":"<p>Manisa Celal Bayar \u00dcniversitesi (MCB\u00dc), T\u00fcrkiye \u00dcniversiteler Karate \u015eampiyonas\u0131na ev sahipli\u011fi yap\u0131yor. \u015eampiyona ger\u00e7ekle\u015ftirilen a\u00e7\u0131l\u0131\u015f t\u00f6reniyle ba\u015flad\u0131.<br \/>\n<br \/>Manisa CB\u00dc ev sahipli\u011finde 21-23 Mart tarihleri aras\u0131nda ger\u00e7ekle\u015fecek olan T\u00fcrkiye \u00dcniversiteler Karate \u015eampiyonas\u0131 A\u00e7\u0131l\u0131\u015f T\u00f6reni \u015eehzadeler Yerle\u015fkesinde ger\u00e7ekle\u015ftirildi.  MCB\u00dc Atat\u00fcrk Spor Salonunda yap\u0131lan a\u00e7\u0131l\u0131\u015fa, Rekt\u00f6r Prof. Dr. Rana Kibar, T\u00fcrkiye Karate Federasyonu Ba\u015fkan\u0131 Erc\u00fcment Ta\u015fdemir, T\u00fcrkiye \u00dcniversite Sporlar\u0131 Federasyonu Genel Sekreteri Mehmet Y\u00f6nal,T\u00fcrkiye \u00dcniversite Sporlar\u0131 Federasyon Temsilcisi Prof. Dr. Murat Kul, \u00f6\u011fretim elemanlar\u0131, atm\u0131\u015f d\u00f6rt \u00fcniversiteden gelen sporcular ve \u00f6\u011frenciler kat\u0131ld\u0131.<br \/>\n<br \/>\u00dcniversitelerden gelen sporcular\u0131n alana daveti ile ba\u015flayan programda, sayg\u0131 duru\u015fu ve \u0130stiklal Mar\u015f\u0131\u2019n\u0131n okunmas\u0131n\u0131n ard\u0131ndan T\u00fcrkiye Karate Federasyonu Ba\u015fkan\u0131 Erc\u00fcment Ta\u015fdemir yapt\u0131\u011f\u0131 konu\u015fmada, &#8220;Karate disiplin ve azmin sergilendi\u011fi bir spordur. Bu sahada sadece yeteneklerinizi sergiledi\u011finiz de\u011fil centilmenli\u011fin, tak\u0131m ruhunun olu\u015ftu\u011fu bir yerdir. Bug\u00fcn burada sergilenecek m\u00fccadele hem bireysel hem tak\u0131m ruhunun g\u00f6stergesi olacakt\u0131r&#8221; dedi.<br \/>\n<br \/>T\u00fcrkiye \u00dcniversite Sporlar\u0131 Federasyonu Genel Sekreteri Mehmet Y\u00f6nal, &#8220;Spor hayat\u0131m\u0131z\u0131n merkezinde ulusal ve uluslararas\u0131 birli\u011fimizi beraberli\u011fini sa\u011flayan en \u00f6nemli unsurlardan biridir. Dijital \u00e7a\u011f\u0131n en \u00f6nemli \u00f6zelliklerinden biri de dikkat da\u011f\u0131n\u0131kl\u0131\u011f\u0131 olu\u015fturmas\u0131. \u0130\u015fte spor bu dikkat da\u011f\u0131n\u0131kl\u0131\u011f\u0131n\u0131 gidermede \u00f6nemli rol oynuyor&#8221; diye konu\u015ftu.<br \/>\n<br \/>Rekt\u00f6r Prof. Dr. Rana Kibar yapt\u0131\u011f\u0131 konu\u015fmas\u0131nda Manisa Celal Bayar \u00dcniversitesi olarak 64 \u00dcniversitenin kat\u0131l\u0131m\u0131yla ger\u00e7ekle\u015ftirilen T\u00fcrkiye \u00dcniversiteler Karate \u015eampiyonas\u0131\u2019n\u0131n a\u00e7\u0131l\u0131\u015f\u0131nda birlikte olmaktan duydu\u011fu memnuniyeti ifade ederek,<br \/>\n<br \/>&#8220;Bug\u00fcn sporun birle\u015ftirici g\u00fcc\u00fcnden faydalanarak, gen\u00e7lerimizin sadece fiziksel g\u00fc\u00e7lerini de\u011fil ayn\u0131 zamanda karakterlerini de \u015fekillendiren bir organizasyona ev sahipli\u011fi yap\u0131yoruz. Karate azim, disiplin ve odaklanman\u0131n simgesi bir spor dal\u0131d\u0131r ve \u00fcniversite \u00f6\u011frencilerimizin bu alandaki becerilerini g\u00f6rmek bizler i\u00e7in b\u00fcy\u00fck onurdur&#8221; diye konu\u015ftu.<br \/>\n<br \/>Bu \u015fampiyonan\u0131n sadece kazanman\u0131n de\u011fil, dostluklar\u0131n peki\u015fti\u011fi, yeni deneyimlerin kazan\u0131ld\u0131\u011f\u0131 ve t\u00fcm kat\u0131l\u0131mc\u0131lar\u0131n birbirinden \u00f6\u011frenebilece\u011fi bir etkinlik olmas\u0131n\u0131 temenni eden Rekt\u00f6r Prof. Dr. Rana Kibar, &#8220;Hepimizin bu s\u00fcre\u00e7ten b\u00fcy\u00fck keyif alarak elinizden gelenin en iyisini yapaca\u011f\u0131n\u0131zdan hi\u00e7 \u015f\u00fcphem yok. T\u00fcm Sporculara ba\u015far\u0131lar diliyor, \u015fampiyonan\u0131n hay\u0131rl\u0131 olmas\u0131n\u0131 temenni ediyorum&#8221; ifadesini kulland\u0131.<br \/>\n<br \/>Kumite m\u00fcsabakalar\u0131nda dereceye giren sporcular \u015fu \u015fekilde s\u0131raland\u0131:<br \/>\n<br \/>Erkekler 67 Kg Kumite kategorisinde birincili\u011fi Marmara \u00dcniversitesi\u2019nden Yusuf K\u0131l\u0131\u00e7 kazan\u0131rken, Bursa Uluda\u011f \u00dcniversitesi\u2019nden Muhammed Hamza Onur Yaz\u0131c\u0131 ikinci oldu. \u00dc\u00e7\u00fcnc\u00fcl\u00fc\u011f\u00fc ise Ad\u0131yaman \u00dcniversitesi\u2019nden Sava\u015f \u00d6\u011f\u00fc\u015f ve 18 Mart \u00dcniversitesi\u2019nden Ali\u015fan Akkaya payla\u015ft\u0131.<br \/>\n<br \/>Kad\u0131nlar 50 Kg Kumite kategorisinde \u0130stanbul Sa\u011fl\u0131k Bilimleri \u00dcniversitesi\u2019nden Rabia \u00c7al\u0131\u015f alt\u0131n madalya kazan\u0131rken, \u0130stanbul Ayd\u0131n \u00dcniversitesi\u2019nden M\u00fc\u015ferref \u00d6zdemir g\u00fcm\u00fc\u015f madalyan\u0131n sahibi oldu. Bronz madalya ise Anadolu \u00dcniversitesi\u2019nden Simany Durmaz ve Manisa Celal Bayar \u00dcniversitesi\u2019nden K\u00fcbra Yaz\u0131c\u0131 aras\u0131nda payla\u015f\u0131ld\u0131.<br \/>\n<br \/>Kad\u0131nlar 55 Kg Kumite kategorisinde \u0130stanbul Kent \u00dcniversitesi\u2019nden Damla Ocak birinci olurken, Anadolu \u00dcniversitesi\u2019nden Birsu Gaya \u00d6zyazmac\u0131 ikinci s\u0131rada yer ald\u0131. \u00dc\u00e7\u00fcnc\u00fcl\u00fck ise \u0130stanbul Beykent \u00dcniversitesi\u2019nden Buse Kaya ve Marmara \u00dcniversitesi\u2019nden Buse K\u0131l\u0131\u00e7 aras\u0131nda payla\u015f\u0131ld\u0131.<br \/>\n<br \/>Kad\u0131nlar 61 Kg Kumite kategorisinde \u0130stanbul Ayd\u0131n \u00dcniversitesi\u2019nden \u0130rem Durmaz birincili\u011fi elde ederken, Manisa Celal Bayar \u00dcniversitesi\u2019nden Nurbade B\u00fcber ikinci s\u0131rada yer ald\u0131. \u00dc\u00e7\u00fcnc\u00fcl\u00fc\u011f\u00fc ise Anadolu \u00dcniversitesi\u2019nden \u00d6zge Aslanta\u015f ve Gazi \u00dcniversitesi\u2019nden Sena K\u0131z\u0131laslan payla\u015ft\u0131.<br \/>\n<br \/>T\u00fcrkiye \u00dcniversiteler Karate \u015eampiyonas\u0131, 23 Mart\u2019a kadar devam edecek. Dereceye giren sporcular, ulusal ve uluslararas\u0131 platformlarda T\u00fcrkiye\u2019yi temsil etme hakk\u0131 kazanacak.<br \/><\/p>\n","protected":false},"excerpt":{"rendered":"<p>Manisa Celal Bayar \u00dcniversitesi (MCB\u00dc), T\u00fcrkiye \u00dcniversiteler Karate \u015eampiyonas\u0131na ev sahipli\u011fi yap\u0131yor. \u015eampiyona ger\u00e7ekle\u015ftirilen a\u00e7\u0131l\u0131\u015f t\u00f6reniyle ba\u015flad\u0131. Manisa CB\u00dc ev sahipli\u011finde 21-23 Mart tarihleri aras\u0131nda ger\u00e7ekle\u015fecek olan T\u00fcrkiye \u00dcniversiteler Karate \u015eampiyonas\u0131 A\u00e7\u0131l\u0131\u015f T\u00f6reni \u015eehzadeler Yerle\u015fkesinde ger\u00e7ekle\u015ftirildi. MCB\u00dc Atat\u00fcrk Spor Salonunda yap\u0131lan a\u00e7\u0131l\u0131\u015fa, Rekt\u00f6r Prof. Dr. Rana Kibar, T\u00fcrkiye Karate Federasyonu Ba\u015fkan\u0131 Erc\u00fcment Ta\u015fdemir, T\u00fcrkiye \u00dcniversite&#8230;<\/p>\n","protected":false},"author":1,"featured_media":25977,"comment_status":"open","ping_status":"open","sticky":false,"template":"","format":"standard","meta":{"_crdt_document":"","footnotes":""},"categories":[4],"tags":[],"class_list":["post-25976","post","type-post","status-publish","format-standard","has-post-thumbnail","hentry","category-spor"],"_links":{"self":[{"href":"https:\/\/www.egemtv.com\/index.php?rest_route=\/wp\/v2\/posts\/25976","targetHints":{"allow":["GET"]}}],"collection":[{"href":"https:\/\/www.egemtv.com\/index.php?rest_route=\/wp\/v2\/posts"}],"about":[{"href":"https:\/\/www.egemtv.com\/index.php?rest_route=\/wp\/v2\/types\/post"}],"author":[{"embeddable":true,"href":"https:\/\/www.egemtv.com\/index.php?rest_route=\/wp\/v2\/users\/1"}],"replies":[{"embeddable":true,"href":"https:\/\/www.egemtv.com\/index.php?rest_route=%2Fwp%2Fv2%2Fcomments&post=25976"}],"version-history":[{"count":1,"href":"https:\/\/www.egemtv.com\/index.php?rest_route=\/wp\/v2\/posts\/25976\/revisions"}],"predecessor-version":[{"id":25978,"href":"https:\/\/www.egemtv.com\/index.php?rest_route=\/wp\/v2\/posts\/25976\/revisions\/25978"}],"wp:featuredmedia":[{"embeddable":true,"href":"https:\/\/www.egemtv.com\/index.php?rest_route=\/wp\/v2\/media\/25977"}],"wp:attachment":[{"href":"https:\/\/www.egemtv.com\/index.php?rest_route=%2Fwp%2Fv2%2Fmedia&parent=25976"}],"wp:term":[{"taxonomy":"category","embeddable":true,"href":"https:\/\/www.egemtv.com\/index.php?rest_route=%2Fwp%2Fv2%2Fcategories&post=25976"},{"taxonomy":"post_tag","embeddable":true,"href":"https:\/\/www.egemtv.com\/index.php?rest_route=%2Fwp%2Fv2%2Ftags&post=25976"}],"curies":[{"name":"wp","href":"https:\/\/api.w.org\/{rel}","templated":true}]}}