{"id":25973,"date":"2025-03-22T18:04:57","date_gmt":"2025-03-22T15:04:57","guid":{"rendered":"https:\/\/www.egemtv.com\/?p=25973"},"modified":"2025-03-22T18:05:03","modified_gmt":"2025-03-22T15:05:03","slug":"dunya-su-gununde-kusadasinda-kiyi-temizligi-yapildi","status":"publish","type":"post","link":"https:\/\/www.egemtv.com\/?p=25973","title":{"rendered":"D\u00fcnya Su G\u00fcn\u00fc\u2019nde Ku\u015fadas\u0131\u2019nda k\u0131y\u0131 temizli\u011fi yap\u0131ld\u0131"},"content":{"rendered":"<p>Ayd\u0131n\u2019\u0131n Ku\u015fadas\u0131 il\u00e7esinde bir araya gelen g\u00f6n\u00fcll\u00fcler, D\u00fcnya Su G\u00fcn\u00fc\u2019nde \u00e7evre bilincine dikkat \u00e7ekerek k\u0131y\u0131 temizli\u011fi yapt\u0131.<\/p>\n<p>Ku\u015fadas\u0131\u2019nda D\u00fcnya Su G\u00fcn\u00fc kapsam\u0131nda anlaml\u0131 bir etkinlik ger\u00e7ekle\u015ftirildi. The Grand Blue Sky ve Kiwi Water Sports ekipleri, Kubilay Akg\u00fcr \u00f6nderli\u011finde b\u00f6lgedeki k\u0131y\u0131 ve a\u00e7\u0131kta bulunan k\u00fc\u00e7\u00fck aday\u0131 temizledi. G\u00f6n\u00fcll\u00fc ekibin yo\u011fun \u00e7al\u0131\u015fmas\u0131yla sahilden ve denizden toplanan \u00e7\u00f6pler, trakt\u00f6rle ta\u015f\u0131narak bertaraf edildi. Drone \u00e7ekimleriyle de belgelenen etkinlik, \u00e7evreye duyarl\u0131l\u0131\u011f\u0131 art\u0131rmay\u0131 hedefledi. Etkinlik hakk\u0131nda konu\u015fan Kubilay Akg\u00fcr; &#8220;D\u00fcnya Su G\u00fcn\u00fc\u2019nde ekibimle birlikte k\u0131y\u0131lar\u0131m\u0131z\u0131 temizledik. Do\u011fay\u0131 korumak hepimizin g\u00f6revi. Bu t\u00fcr \u00e7al\u0131\u015fmalar\u0131n daha fazla yayg\u0131nla\u015fmas\u0131n\u0131 diliyoruz&#8221; dedi. Kat\u0131l\u0131mc\u0131lar, bu t\u00fcr etkinliklerin sadece belirli g\u00fcnlerde de\u011fil, y\u0131l boyunca s\u00fcrmesi gerekti\u011fini vurgulayarak \u00e7evre bilincine dikkat \u00e7ekti.<br \/><\/p>\n","protected":false},"excerpt":{"rendered":"<p>Ayd\u0131n\u2019\u0131n Ku\u015fadas\u0131 il\u00e7esinde bir araya gelen g\u00f6n\u00fcll\u00fcler, D\u00fcnya Su G\u00fcn\u00fc\u2019nde \u00e7evre bilincine dikkat \u00e7ekerek k\u0131y\u0131 temizli\u011fi yapt\u0131. Ku\u015fadas\u0131\u2019nda D\u00fcnya Su G\u00fcn\u00fc kapsam\u0131nda anlaml\u0131 bir etkinlik ger\u00e7ekle\u015ftirildi. The Grand Blue Sky ve Kiwi Water Sports ekipleri, Kubilay Akg\u00fcr \u00f6nderli\u011finde b\u00f6lgedeki k\u0131y\u0131 ve a\u00e7\u0131kta bulunan k\u00fc\u00e7\u00fck aday\u0131 temizledi. G\u00f6n\u00fcll\u00fc ekibin yo\u011fun \u00e7al\u0131\u015fmas\u0131yla sahilden ve denizden toplanan \u00e7\u00f6pler,&#8230;<\/p>\n","protected":false},"author":1,"featured_media":25974,"comment_status":"open","ping_status":"open","sticky":false,"template":"","format":"standard","meta":{"_crdt_document":"","footnotes":""},"categories":[1],"tags":[],"class_list":["post-25973","post","type-post","status-publish","format-standard","has-post-thumbnail","hentry","category-guncel"],"_links":{"self":[{"href":"https:\/\/www.egemtv.com\/index.php?rest_route=\/wp\/v2\/posts\/25973","targetHints":{"allow":["GET"]}}],"collection":[{"href":"https:\/\/www.egemtv.com\/index.php?rest_route=\/wp\/v2\/posts"}],"about":[{"href":"https:\/\/www.egemtv.com\/index.php?rest_route=\/wp\/v2\/types\/post"}],"author":[{"embeddable":true,"href":"https:\/\/www.egemtv.com\/index.php?rest_route=\/wp\/v2\/users\/1"}],"replies":[{"embeddable":true,"href":"https:\/\/www.egemtv.com\/index.php?rest_route=%2Fwp%2Fv2%2Fcomments&post=25973"}],"version-history":[{"count":1,"href":"https:\/\/www.egemtv.com\/index.php?rest_route=\/wp\/v2\/posts\/25973\/revisions"}],"predecessor-version":[{"id":25975,"href":"https:\/\/www.egemtv.com\/index.php?rest_route=\/wp\/v2\/posts\/25973\/revisions\/25975"}],"wp:featuredmedia":[{"embeddable":true,"href":"https:\/\/www.egemtv.com\/index.php?rest_route=\/wp\/v2\/media\/25974"}],"wp:attachment":[{"href":"https:\/\/www.egemtv.com\/index.php?rest_route=%2Fwp%2Fv2%2Fmedia&parent=25973"}],"wp:term":[{"taxonomy":"category","embeddable":true,"href":"https:\/\/www.egemtv.com\/index.php?rest_route=%2Fwp%2Fv2%2Fcategories&post=25973"},{"taxonomy":"post_tag","embeddable":true,"href":"https:\/\/www.egemtv.com\/index.php?rest_route=%2Fwp%2Fv2%2Ftags&post=25973"}],"curies":[{"name":"wp","href":"https:\/\/api.w.org\/{rel}","templated":true}]}}