{"id":25970,"date":"2025-03-22T17:42:25","date_gmt":"2025-03-22T14:42:25","guid":{"rendered":"https:\/\/www.egemtv.com\/?p=25970"},"modified":"2025-03-22T17:42:31","modified_gmt":"2025-03-22T14:42:31","slug":"izmirde-gecekondu-alev-alev-yandi","status":"publish","type":"post","link":"https:\/\/www.egemtv.com\/?p=25970","title":{"rendered":"\u0130zmir\u2019de gecekondu alev alev yand\u0131"},"content":{"rendered":"<p>\u0130zmir\u2019de bir gecekonduda \u00e7\u0131kan yang\u0131n pani\u011fe neden oldu. Yang\u0131n itfaiye ekipleri taraf\u0131ndan k\u0131sa s\u00fcrede s\u00f6nd\u00fcr\u00fcld\u00fc.<br \/>\n<br \/>Edinilen bilgiye g\u00f6re, saat 15.30 s\u0131ralar\u0131nda Bayrakl\u0131 il\u00e7esi Yamanlar Mahallesi 7353\/9 sokakta bir gecekonduda yang\u0131n \u00e7\u0131kt\u0131. Hen\u00fcz \u00e7\u0131k\u0131\u015f sebebi belirlenemeyen yang\u0131ndan \u00e7\u0131kan yo\u011fun duman soka\u011f\u0131 sard\u0131. Gecekondunun yand\u0131\u011f\u0131n\u0131 g\u00f6ren vatanda\u015flar durumu 112 Acil \u00c7a\u011fr\u0131 Merkezine bildirdi. \u0130hbar \u00fczerine b\u00f6lgeye itfaiye, polis ve sa\u011fl\u0131k ekipleri sevk edildi.<br \/>\n<br \/>Olay yerine gelen itfaiye ekipleri yang\u0131n\u0131 k\u0131sa s\u00fcrede s\u00f6nd\u00fcrerek kontrol alt\u0131na al\u0131rken so\u011futma \u00e7al\u0131\u015fmalar\u0131na devam ediliyor. \u00d6te yandan, yang\u0131nda \u00f6l\u00fc ya da yaral\u0131 olmad\u0131\u011f\u0131 \u00f6\u011frenilirken, \u00e7\u0131kan yang\u0131nla ilgili inceleme ba\u015flat\u0131ld\u0131.<br \/><\/p>\n","protected":false},"excerpt":{"rendered":"<p>\u0130zmir\u2019de bir gecekonduda \u00e7\u0131kan yang\u0131n pani\u011fe neden oldu. Yang\u0131n itfaiye ekipleri taraf\u0131ndan k\u0131sa s\u00fcrede s\u00f6nd\u00fcr\u00fcld\u00fc. Edinilen bilgiye g\u00f6re, saat 15.30 s\u0131ralar\u0131nda Bayrakl\u0131 il\u00e7esi Yamanlar Mahallesi 7353\/9 sokakta bir gecekonduda yang\u0131n \u00e7\u0131kt\u0131. Hen\u00fcz \u00e7\u0131k\u0131\u015f sebebi belirlenemeyen yang\u0131ndan \u00e7\u0131kan yo\u011fun duman soka\u011f\u0131 sard\u0131. Gecekondunun yand\u0131\u011f\u0131n\u0131 g\u00f6ren vatanda\u015flar durumu 112 Acil \u00c7a\u011fr\u0131 Merkezine bildirdi. \u0130hbar \u00fczerine b\u00f6lgeye itfaiye,&#8230;<\/p>\n","protected":false},"author":1,"featured_media":25971,"comment_status":"open","ping_status":"open","sticky":false,"template":"","format":"standard","meta":{"_crdt_document":"","footnotes":""},"categories":[5],"tags":[],"class_list":["post-25970","post","type-post","status-publish","format-standard","has-post-thumbnail","hentry","category-asayis"],"_links":{"self":[{"href":"https:\/\/www.egemtv.com\/index.php?rest_route=\/wp\/v2\/posts\/25970","targetHints":{"allow":["GET"]}}],"collection":[{"href":"https:\/\/www.egemtv.com\/index.php?rest_route=\/wp\/v2\/posts"}],"about":[{"href":"https:\/\/www.egemtv.com\/index.php?rest_route=\/wp\/v2\/types\/post"}],"author":[{"embeddable":true,"href":"https:\/\/www.egemtv.com\/index.php?rest_route=\/wp\/v2\/users\/1"}],"replies":[{"embeddable":true,"href":"https:\/\/www.egemtv.com\/index.php?rest_route=%2Fwp%2Fv2%2Fcomments&post=25970"}],"version-history":[{"count":1,"href":"https:\/\/www.egemtv.com\/index.php?rest_route=\/wp\/v2\/posts\/25970\/revisions"}],"predecessor-version":[{"id":25972,"href":"https:\/\/www.egemtv.com\/index.php?rest_route=\/wp\/v2\/posts\/25970\/revisions\/25972"}],"wp:featuredmedia":[{"embeddable":true,"href":"https:\/\/www.egemtv.com\/index.php?rest_route=\/wp\/v2\/media\/25971"}],"wp:attachment":[{"href":"https:\/\/www.egemtv.com\/index.php?rest_route=%2Fwp%2Fv2%2Fmedia&parent=25970"}],"wp:term":[{"taxonomy":"category","embeddable":true,"href":"https:\/\/www.egemtv.com\/index.php?rest_route=%2Fwp%2Fv2%2Fcategories&post=25970"},{"taxonomy":"post_tag","embeddable":true,"href":"https:\/\/www.egemtv.com\/index.php?rest_route=%2Fwp%2Fv2%2Ftags&post=25970"}],"curies":[{"name":"wp","href":"https:\/\/api.w.org\/{rel}","templated":true}]}}