{"id":25967,"date":"2025-03-22T17:42:12","date_gmt":"2025-03-22T14:42:12","guid":{"rendered":"https:\/\/www.egemtv.com\/?p=25967"},"modified":"2025-03-22T17:42:24","modified_gmt":"2025-03-22T14:42:24","slug":"karsiyaka-basketbol-mike-smithi-acikladi","status":"publish","type":"post","link":"https:\/\/www.egemtv.com\/?p=25967","title":{"rendered":"Kar\u015f\u0131yaka Basketbol, Mike Smith\u2019i a\u00e7\u0131klad\u0131"},"content":{"rendered":"<p>Kar\u015f\u0131yaka Basketbol, son olarak Adriyatik Ligi tak\u0131mlar\u0131ndan KK Borac Cacak\u2019ta forma giyen 27 ya\u015f\u0131ndaki oyun kurucu Mike Smith\u2019i kadrosuna katt\u0131\u011f\u0131n\u0131 duyurdu.<br \/>\n<br \/>Basketbol S\u00fcper Ligi\u2019ne iddial\u0131 bir kadro kurarak giren fakat daha sonra sponsor krizinin ard\u0131ndan da\u011f\u0131lan Kar\u015f\u0131yaka, ekonomik problemlerden dolay\u0131 7 oyuncusu ile yollar\u0131n\u0131 ay\u0131rd\u0131. Ge\u00e7mi\u015f d\u00f6nemlerdeki oyunculardan dolay\u0131 transfer yasa\u011f\u0131 alan ye\u015fil-k\u0131rm\u0131z\u0131l\u0131lar, bu sorunu \u00e7\u00f6zer \u00e7\u00f6zmez Roberto Gallinat takviyesini ger\u00e7ekle\u015ftirdi. Daha sonra \u0130zmir ekibine tekrar transfer yasa\u011f\u0131 geldi. Kar\u015f\u0131yaka, bor\u00e7lar\u0131n\u0131 FIBA kanal\u0131yla taksitlendirdi ve tekrar transfer yasa\u011f\u0131n\u0131 a\u00e7may\u0131 ba\u015fard\u0131. Ye\u015fil-k\u0131rm\u0131z\u0131l\u0131lar, yasa\u011f\u0131 a\u00e7ar a\u00e7maz bir takviye ger\u00e7ekle\u015ftirerek, Euroleague tecr\u00fcbesi olan Austin Hollins\u2019i kadrosuna katt\u0131. B\u00f6ylece iki transfer yapan Kar\u015f\u0131yaka\u2019n\u0131n tekrar transfer tahtas\u0131 kapand\u0131. \u0130zmir ekibi, d\u00fc\u015fme hatt\u0131na do\u011fru ilerleyince y\u00f6neticiler harekete ge\u00e7ti ve bir kez daha yasa\u011f\u0131 kald\u0131rd\u0131 ve 27 ya\u015f\u0131ndaki oyun kurucu Mike Smith\u2019i kadrosuna katt\u0131.<br \/>\n<br \/>Mike Smith\u2019in yar\u0131n oynanacak Semt 77 Yalovaspor m\u00fcsabakas\u0131nda forma giymesi bekleniyor.<br \/><\/p>\n","protected":false},"excerpt":{"rendered":"<p>Kar\u015f\u0131yaka Basketbol, son olarak Adriyatik Ligi tak\u0131mlar\u0131ndan KK Borac Cacak\u2019ta forma giyen 27 ya\u015f\u0131ndaki oyun kurucu Mike Smith\u2019i kadrosuna katt\u0131\u011f\u0131n\u0131 duyurdu. Basketbol S\u00fcper Ligi\u2019ne iddial\u0131 bir kadro kurarak giren fakat daha sonra sponsor krizinin ard\u0131ndan da\u011f\u0131lan Kar\u015f\u0131yaka, ekonomik problemlerden dolay\u0131 7 oyuncusu ile yollar\u0131n\u0131 ay\u0131rd\u0131. Ge\u00e7mi\u015f d\u00f6nemlerdeki oyunculardan dolay\u0131 transfer yasa\u011f\u0131 alan ye\u015fil-k\u0131rm\u0131z\u0131l\u0131lar, bu sorunu&#8230;<\/p>\n","protected":false},"author":1,"featured_media":25968,"comment_status":"open","ping_status":"open","sticky":false,"template":"","format":"standard","meta":{"_crdt_document":"","footnotes":""},"categories":[4],"tags":[],"class_list":["post-25967","post","type-post","status-publish","format-standard","has-post-thumbnail","hentry","category-spor"],"_links":{"self":[{"href":"https:\/\/www.egemtv.com\/index.php?rest_route=\/wp\/v2\/posts\/25967","targetHints":{"allow":["GET"]}}],"collection":[{"href":"https:\/\/www.egemtv.com\/index.php?rest_route=\/wp\/v2\/posts"}],"about":[{"href":"https:\/\/www.egemtv.com\/index.php?rest_route=\/wp\/v2\/types\/post"}],"author":[{"embeddable":true,"href":"https:\/\/www.egemtv.com\/index.php?rest_route=\/wp\/v2\/users\/1"}],"replies":[{"embeddable":true,"href":"https:\/\/www.egemtv.com\/index.php?rest_route=%2Fwp%2Fv2%2Fcomments&post=25967"}],"version-history":[{"count":1,"href":"https:\/\/www.egemtv.com\/index.php?rest_route=\/wp\/v2\/posts\/25967\/revisions"}],"predecessor-version":[{"id":25969,"href":"https:\/\/www.egemtv.com\/index.php?rest_route=\/wp\/v2\/posts\/25967\/revisions\/25969"}],"wp:featuredmedia":[{"embeddable":true,"href":"https:\/\/www.egemtv.com\/index.php?rest_route=\/wp\/v2\/media\/25968"}],"wp:attachment":[{"href":"https:\/\/www.egemtv.com\/index.php?rest_route=%2Fwp%2Fv2%2Fmedia&parent=25967"}],"wp:term":[{"taxonomy":"category","embeddable":true,"href":"https:\/\/www.egemtv.com\/index.php?rest_route=%2Fwp%2Fv2%2Fcategories&post=25967"},{"taxonomy":"post_tag","embeddable":true,"href":"https:\/\/www.egemtv.com\/index.php?rest_route=%2Fwp%2Fv2%2Ftags&post=25967"}],"curies":[{"name":"wp","href":"https:\/\/api.w.org\/{rel}","templated":true}]}}