{"id":25961,"date":"2025-03-22T17:22:50","date_gmt":"2025-03-22T14:22:50","guid":{"rendered":"https:\/\/www.egemtv.com\/?p=25961"},"modified":"2025-03-22T17:22:54","modified_gmt":"2025-03-22T14:22:54","slug":"fethiyede-uzun-mesafe-deniz-kuregi-turkiye-kupasi-yarislari-basladi","status":"publish","type":"post","link":"https:\/\/www.egemtv.com\/?p=25961","title":{"rendered":"Fethiye\u2019de Uzun Mesafe Deniz K\u00fcre\u011fi T\u00fcrkiye Kupas\u0131 Yar\u0131\u015flar\u0131 ba\u015flad\u0131"},"content":{"rendered":"<p>Fethiye\u2019de Uzun Mesafe Deniz K\u00fcre\u011fi T\u00fcrkiye Kupas\u0131 Yar\u0131\u015flar\u0131 24 kul\u00fcp ve yakla\u015f\u0131k 450 sporcu kat\u0131l\u0131m\u0131 ile \u00c7al\u0131\u015f Plaj\u0131\u2019nda ba\u015flad\u0131. Fethiye Gen\u00e7lik ve Spor \u0130l\u00e7e M\u00fcd\u00fcr\u00fc Harun Re\u015fit Yi\u011fit, &#8220;alt\u0131 y\u0131l sonra yar\u0131\u015flar\u0131 tekrar Fethiye\u2019de ger\u00e7ekle\u015ftirmek bizim i\u00e7in b\u00fcy\u00fck bir gurur kayna\u011f\u0131&#8221; dedi.<\/p>\n<p>Fethiye\u2019de d\u00fczenlenen Uzun Mesafe Deniz K\u00fcre\u011fi T\u00fcrkiye Kupas\u0131 Yar\u0131\u015flar\u0131, b\u00fcy\u00fck bir heyecanla ba\u015flad\u0131. Gen\u00e7lik ve Spor Bakanl\u0131\u011f\u0131, Mu\u011fla Valili\u011fi ve Fethiye Belediyesinin katk\u0131lar\u0131yla ger\u00e7ekle\u015ftirilen yar\u0131\u015flara, 24 kul\u00fcp ve yakla\u015f\u0131k 450 sporcu kat\u0131ld\u0131. Sporcular, 4 bin metrelik parkurda k\u0131yas\u0131ya m\u00fccadele ediyor. T\u00fcrkiye\u2019nin farkl\u0131 b\u00f6lgelerinden gelen sporcular, \u00e7e\u015fitli kategorilerde m\u00fccadele ederken, izleyiciler de yar\u0131\u015flar\u0131 b\u00fcy\u00fck bir ilgiyle takip etti. Yar\u0131\u015flar, 23 Mart Pazar g\u00fcn\u00fc sona erecek.<\/p>\n<p>&#8220;B\u00fcy\u00fck bir gurur kayna\u011f\u0131&#8221;<br \/>\n<br \/>Fethiye Gen\u00e7lik ve Spor \u0130l\u00e7e M\u00fcd\u00fcr\u00fc Harun Re\u015fit Yi\u011fit, uzun bir aradan sonra yeniden d\u00fczenlenen organizasyonun \u00f6nemine dikkat \u00e7ekerek, &#8220;Bug\u00fcn yakla\u015f\u0131k 450 sporcumuz, T\u00fcrkiye\u2019nin bir\u00e7ok yerinden gelen kul\u00fcplerle burada bir araya geldi. Ge\u00e7ti\u011fimiz y\u0131llarda d\u00fczenlenen k\u0131sa mesafe yar\u0131\u015flar\u0131n\u0131n ard\u0131ndan, uzun mesafe yar\u0131\u015flar\u0131n\u0131 yakla\u015f\u0131k alt\u0131 y\u0131l sonra tekrar ger\u00e7ekle\u015ftirmek bizim i\u00e7in b\u00fcy\u00fck bir gurur kayna\u011f\u0131&#8221; dedi.<\/p>\n<p>Fethiye\u2019nin co\u011frafi avantajlar\u0131na da de\u011finen Yi\u011fit, ilerleyen d\u00f6nemlerde farkl\u0131 bran\u015flarda organizasyonlar d\u00fczenlemeyi hedeflediklerini belirterek, &#8220;Voleybol, basketbol ve eskrim bran\u015flar\u0131nda da organizasyonlar d\u00fczenlemeyi planl\u0131yoruz. Federasyonlarla ileti\u015feme ge\u00e7erek bu etkinlikleri ger\u00e7ekle\u015ftirerek sporcular\u0131m\u0131z\u0131 buraya davet etmeyi hedefliyoruz. Ayr\u0131ca, alternatif turizm kapsam\u0131nda sporu da destekleyerek il\u00e7emize katk\u0131 sa\u011flamak i\u00e7in gayret g\u00f6steriyoruz&#8221; diye konu\u015ftu.<br \/><\/p>\n","protected":false},"excerpt":{"rendered":"<p>Fethiye\u2019de Uzun Mesafe Deniz K\u00fcre\u011fi T\u00fcrkiye Kupas\u0131 Yar\u0131\u015flar\u0131 24 kul\u00fcp ve yakla\u015f\u0131k 450 sporcu kat\u0131l\u0131m\u0131 ile \u00c7al\u0131\u015f Plaj\u0131\u2019nda ba\u015flad\u0131. Fethiye Gen\u00e7lik ve Spor \u0130l\u00e7e M\u00fcd\u00fcr\u00fc Harun Re\u015fit Yi\u011fit, &#8220;alt\u0131 y\u0131l sonra yar\u0131\u015flar\u0131 tekrar Fethiye\u2019de ger\u00e7ekle\u015ftirmek bizim i\u00e7in b\u00fcy\u00fck bir gurur kayna\u011f\u0131&#8221; dedi. Fethiye\u2019de d\u00fczenlenen Uzun Mesafe Deniz K\u00fcre\u011fi T\u00fcrkiye Kupas\u0131 Yar\u0131\u015flar\u0131, b\u00fcy\u00fck bir heyecanla ba\u015flad\u0131&#8230;.<\/p>\n","protected":false},"author":1,"featured_media":25962,"comment_status":"open","ping_status":"open","sticky":false,"template":"","format":"standard","meta":{"_crdt_document":"","footnotes":""},"categories":[4],"tags":[],"class_list":["post-25961","post","type-post","status-publish","format-standard","has-post-thumbnail","hentry","category-spor"],"_links":{"self":[{"href":"https:\/\/www.egemtv.com\/index.php?rest_route=\/wp\/v2\/posts\/25961","targetHints":{"allow":["GET"]}}],"collection":[{"href":"https:\/\/www.egemtv.com\/index.php?rest_route=\/wp\/v2\/posts"}],"about":[{"href":"https:\/\/www.egemtv.com\/index.php?rest_route=\/wp\/v2\/types\/post"}],"author":[{"embeddable":true,"href":"https:\/\/www.egemtv.com\/index.php?rest_route=\/wp\/v2\/users\/1"}],"replies":[{"embeddable":true,"href":"https:\/\/www.egemtv.com\/index.php?rest_route=%2Fwp%2Fv2%2Fcomments&post=25961"}],"version-history":[{"count":1,"href":"https:\/\/www.egemtv.com\/index.php?rest_route=\/wp\/v2\/posts\/25961\/revisions"}],"predecessor-version":[{"id":25963,"href":"https:\/\/www.egemtv.com\/index.php?rest_route=\/wp\/v2\/posts\/25961\/revisions\/25963"}],"wp:featuredmedia":[{"embeddable":true,"href":"https:\/\/www.egemtv.com\/index.php?rest_route=\/wp\/v2\/media\/25962"}],"wp:attachment":[{"href":"https:\/\/www.egemtv.com\/index.php?rest_route=%2Fwp%2Fv2%2Fmedia&parent=25961"}],"wp:term":[{"taxonomy":"category","embeddable":true,"href":"https:\/\/www.egemtv.com\/index.php?rest_route=%2Fwp%2Fv2%2Fcategories&post=25961"},{"taxonomy":"post_tag","embeddable":true,"href":"https:\/\/www.egemtv.com\/index.php?rest_route=%2Fwp%2Fv2%2Ftags&post=25961"}],"curies":[{"name":"wp","href":"https:\/\/api.w.org\/{rel}","templated":true}]}}