{"id":25958,"date":"2025-03-22T17:22:46","date_gmt":"2025-03-22T14:22:46","guid":{"rendered":"https:\/\/www.egemtv.com\/?p=25958"},"modified":"2025-03-22T17:22:50","modified_gmt":"2025-03-22T14:22:50","slug":"kusadasi-belediyesinin-cevre-dedektifleri-is-basinda","status":"publish","type":"post","link":"https:\/\/www.egemtv.com\/?p=25958","title":{"rendered":"Ku\u015fadas\u0131 Belediyesi\u2019nin \u00e7evre dedektifleri i\u015f ba\u015f\u0131nda"},"content":{"rendered":"<p>Ku\u015fadas\u0131 Belediyesi Zab\u0131ta M\u00fcd\u00fcrl\u00fc\u011f\u00fc \u00c7evre Koruma Ekibi taraf\u0131ndan kent genelinde yap\u0131lan denetimlerde, \u00e7evreyi kirleten ki\u015fi ve firmalara bug\u00fcne kadar toplam 1 milyon 345 bin lira ceza kesildi. Yetkililer daha temiz bir Ku\u015fadas\u0131 i\u00e7in denetim \u00e7al\u0131\u015fmalar\u0131n\u0131n artarak devam edece\u011fini belirtti.<\/p>\n<p>Ku\u015fadas\u0131 Belediyesi, \u00e7evrenin ve do\u011fan\u0131n korunmas\u0131 amac\u0131yla yakla\u015f\u0131k 3 ay \u00f6nce Zab\u0131ta M\u00fcd\u00fcrl\u00fc\u011f\u00fc b\u00fcnyesinde \u2018\u00c7evre Koruma\u2019 ad\u0131yla yeni bir ekip kurdu. Temizlik \u0130\u015fleri M\u00fcd\u00fcrl\u00fc\u011f\u00fc ile koordineli bir \u015fekilde \u00e7al\u0131\u015fan ekip, g\u00f6reve geldi\u011fi ilk g\u00fcnden itibaren hafriyat, \u00e7\u00f6p, at\u0131k su ve moloz gibi \u00e7evreyi ve do\u011fay\u0131 kirletebilecek unsur ve faaliyetlerle m\u00fccadeleye ba\u015flad\u0131. \u00c7evreyle ilgili olarak vatanda\u015flardan gelen talep ve \u015fik\u00e2yetleri de de\u011ferlendiren ekip, bug\u00fcne kadar yapt\u0131\u011f\u0131 denetimlerde do\u011fay\u0131 kirleten ki\u015fi ve firmalara 5326 Say\u0131l\u0131 Kabahatler Kanunu\u2019nun ilgili maddesi uyar\u0131nca toplam 1 milyon 345 bin lira cezai i\u015flem uygulad\u0131. Yetkililer, turizm sezonunun yakla\u015fmas\u0131yla birlikte \u00c7evre Koruma Ekibinin denetimlerini s\u0131kla\u015ft\u0131raca\u011f\u0131n\u0131 a\u00e7\u0131klad\u0131.<br \/><\/p>\n","protected":false},"excerpt":{"rendered":"<p>Ku\u015fadas\u0131 Belediyesi Zab\u0131ta M\u00fcd\u00fcrl\u00fc\u011f\u00fc \u00c7evre Koruma Ekibi taraf\u0131ndan kent genelinde yap\u0131lan denetimlerde, \u00e7evreyi kirleten ki\u015fi ve firmalara bug\u00fcne kadar toplam 1 milyon 345 bin lira ceza kesildi. Yetkililer daha temiz bir Ku\u015fadas\u0131 i\u00e7in denetim \u00e7al\u0131\u015fmalar\u0131n\u0131n artarak devam edece\u011fini belirtti. Ku\u015fadas\u0131 Belediyesi, \u00e7evrenin ve do\u011fan\u0131n korunmas\u0131 amac\u0131yla yakla\u015f\u0131k 3 ay \u00f6nce Zab\u0131ta M\u00fcd\u00fcrl\u00fc\u011f\u00fc b\u00fcnyesinde \u2018\u00c7evre Koruma\u2019&#8230;<\/p>\n","protected":false},"author":1,"featured_media":25959,"comment_status":"open","ping_status":"open","sticky":false,"template":"","format":"standard","meta":{"_crdt_document":"","footnotes":""},"categories":[1],"tags":[],"class_list":["post-25958","post","type-post","status-publish","format-standard","has-post-thumbnail","hentry","category-guncel"],"_links":{"self":[{"href":"https:\/\/www.egemtv.com\/index.php?rest_route=\/wp\/v2\/posts\/25958","targetHints":{"allow":["GET"]}}],"collection":[{"href":"https:\/\/www.egemtv.com\/index.php?rest_route=\/wp\/v2\/posts"}],"about":[{"href":"https:\/\/www.egemtv.com\/index.php?rest_route=\/wp\/v2\/types\/post"}],"author":[{"embeddable":true,"href":"https:\/\/www.egemtv.com\/index.php?rest_route=\/wp\/v2\/users\/1"}],"replies":[{"embeddable":true,"href":"https:\/\/www.egemtv.com\/index.php?rest_route=%2Fwp%2Fv2%2Fcomments&post=25958"}],"version-history":[{"count":1,"href":"https:\/\/www.egemtv.com\/index.php?rest_route=\/wp\/v2\/posts\/25958\/revisions"}],"predecessor-version":[{"id":25960,"href":"https:\/\/www.egemtv.com\/index.php?rest_route=\/wp\/v2\/posts\/25958\/revisions\/25960"}],"wp:featuredmedia":[{"embeddable":true,"href":"https:\/\/www.egemtv.com\/index.php?rest_route=\/wp\/v2\/media\/25959"}],"wp:attachment":[{"href":"https:\/\/www.egemtv.com\/index.php?rest_route=%2Fwp%2Fv2%2Fmedia&parent=25958"}],"wp:term":[{"taxonomy":"category","embeddable":true,"href":"https:\/\/www.egemtv.com\/index.php?rest_route=%2Fwp%2Fv2%2Fcategories&post=25958"},{"taxonomy":"post_tag","embeddable":true,"href":"https:\/\/www.egemtv.com\/index.php?rest_route=%2Fwp%2Fv2%2Ftags&post=25958"}],"curies":[{"name":"wp","href":"https:\/\/api.w.org\/{rel}","templated":true}]}}