{"id":25952,"date":"2025-03-22T16:45:12","date_gmt":"2025-03-22T13:45:12","guid":{"rendered":"https:\/\/www.egemtv.com\/?p=25952"},"modified":"2025-03-22T16:45:17","modified_gmt":"2025-03-22T13:45:17","slug":"tff-3-lig-aliagaspor-fk-1-corluspor-1947-0","status":"publish","type":"post","link":"https:\/\/www.egemtv.com\/?p=25952","title":{"rendered":"TFF 3. Lig: Alia\u011faspor FK: 1 &#8211; \u00c7orluspor 1947: 0"},"content":{"rendered":"<p>Nesine 3. Lig\u2019in 25. haftas\u0131nda Alia\u011faspor FK, sahas\u0131nda kar\u015f\u0131la\u015ft\u0131\u011f\u0131 \u00c7orluspor 1947\u2019yi 1-0 ma\u011flup etti.<\/p>\n<p>Hakemler :Burak Filik, Mehemet Sonay, Hakan Tun\u00e7<br \/>\n<br \/>Alia\u011faspor FK: Ahmet Pekg\u00f6z, Oktay Kanc\u0131, Hakan Demir, Kerem Payko\u00e7, Muhammed Ra\u015fit \u015eahing\u00f6z (Yi\u011fit Bay\u0131nd\u0131r dk. 90), Mustafa Saymak (Malik Karaahmet dk. 71), O\u011fuzhan Y\u0131ld\u0131r\u0131m, Ahmet Uzun (Yusuf Erdem G\u00fcm\u00fc\u015f dk. 46), Hasan \u00c7elik (Berke B\u0131y\u0131k dk. 46), Mehmet Uysal, Mehmet Fuat G\u00f6lba\u015f (Eray Akar dk. 68)<br \/>\n<br \/>Teknik Direkt\u00f6r: Polat \u00c7etin<br \/>\n<br \/>\u00c7orluspor 1947: Emre \u015eanal, Metin Peker, Erdin\u00e7 Karaka\u015f, Yasin Tosun (Emirhan Kayar dk. 74), Mahsun \u00c7apkan (Erdin\u00e7 Pekg\u00f6z dk. 90+2) Volkan Ulu\u011f, Erdem Onur Beyta\u015f (Efe Kurtulmu\u015f dk. 86), H\u00fcseyin Ayan, Taygun Vurgun, Caner Do\u011fan (Ferhat Katipo\u011flu dk. 46), U\u011fur Mustafa T\u00fcrk (Bahad\u0131r Ta\u015fdelen dk. 46)<br \/>\n<br \/>Teknik Direkt\u00f6r: Mesut Toros<br \/>\n<br \/>Gol: Oktay Kanc\u0131 (dk. 88) (Alia\u011faspor FK)<br \/>\n<br \/>K\u0131rm\u0131z\u0131 Kart: Erdin\u00e7 Karaka\u015f (dk. 90+3) (\u00c7orluspor 1947)<br \/>\n<br \/>Sar\u0131 kartlar: Kerem Payko\u00e7, Eray Akar, Mehmet Uysal, Berker B\u0131y\u0131k (Alia\u011faspor FK) Erdin\u00e7 Karaka\u015f, Emirhan Kaya, Taygun Vurgun (\u00c7orluspor 1947)<br \/><\/p>\n","protected":false},"excerpt":{"rendered":"<p>Nesine 3. Lig\u2019in 25. haftas\u0131nda Alia\u011faspor FK, sahas\u0131nda kar\u015f\u0131la\u015ft\u0131\u011f\u0131 \u00c7orluspor 1947\u2019yi 1-0 ma\u011flup etti. Hakemler :Burak Filik, Mehemet Sonay, Hakan Tun\u00e7 Alia\u011faspor FK: Ahmet Pekg\u00f6z, Oktay Kanc\u0131, Hakan Demir, Kerem Payko\u00e7, Muhammed Ra\u015fit \u015eahing\u00f6z (Yi\u011fit Bay\u0131nd\u0131r dk. 90), Mustafa Saymak (Malik Karaahmet dk. 71), O\u011fuzhan Y\u0131ld\u0131r\u0131m, Ahmet Uzun (Yusuf Erdem G\u00fcm\u00fc\u015f dk. 46), Hasan \u00c7elik&#8230;<\/p>\n","protected":false},"author":1,"featured_media":25953,"comment_status":"open","ping_status":"open","sticky":false,"template":"","format":"standard","meta":{"_crdt_document":"","footnotes":""},"categories":[4],"tags":[],"class_list":["post-25952","post","type-post","status-publish","format-standard","has-post-thumbnail","hentry","category-spor"],"_links":{"self":[{"href":"https:\/\/www.egemtv.com\/index.php?rest_route=\/wp\/v2\/posts\/25952","targetHints":{"allow":["GET"]}}],"collection":[{"href":"https:\/\/www.egemtv.com\/index.php?rest_route=\/wp\/v2\/posts"}],"about":[{"href":"https:\/\/www.egemtv.com\/index.php?rest_route=\/wp\/v2\/types\/post"}],"author":[{"embeddable":true,"href":"https:\/\/www.egemtv.com\/index.php?rest_route=\/wp\/v2\/users\/1"}],"replies":[{"embeddable":true,"href":"https:\/\/www.egemtv.com\/index.php?rest_route=%2Fwp%2Fv2%2Fcomments&post=25952"}],"version-history":[{"count":1,"href":"https:\/\/www.egemtv.com\/index.php?rest_route=\/wp\/v2\/posts\/25952\/revisions"}],"predecessor-version":[{"id":25954,"href":"https:\/\/www.egemtv.com\/index.php?rest_route=\/wp\/v2\/posts\/25952\/revisions\/25954"}],"wp:featuredmedia":[{"embeddable":true,"href":"https:\/\/www.egemtv.com\/index.php?rest_route=\/wp\/v2\/media\/25953"}],"wp:attachment":[{"href":"https:\/\/www.egemtv.com\/index.php?rest_route=%2Fwp%2Fv2%2Fmedia&parent=25952"}],"wp:term":[{"taxonomy":"category","embeddable":true,"href":"https:\/\/www.egemtv.com\/index.php?rest_route=%2Fwp%2Fv2%2Fcategories&post=25952"},{"taxonomy":"post_tag","embeddable":true,"href":"https:\/\/www.egemtv.com\/index.php?rest_route=%2Fwp%2Fv2%2Ftags&post=25952"}],"curies":[{"name":"wp","href":"https:\/\/api.w.org\/{rel}","templated":true}]}}