{"id":25946,"date":"2025-03-22T16:29:09","date_gmt":"2025-03-22T13:29:09","guid":{"rendered":"https:\/\/www.egemtv.com\/?p=25946"},"modified":"2025-03-22T16:29:13","modified_gmt":"2025-03-22T13:29:13","slug":"kusadasinin-parklari-baharla-birlikte-yenileniyor","status":"publish","type":"post","link":"https:\/\/www.egemtv.com\/?p=25946","title":{"rendered":"Ku\u015fadas\u0131\u2019n\u0131n parklar\u0131 baharla birlikte yenileniyor"},"content":{"rendered":"<p>Ku\u015fadas\u0131 Belediyesi, bahar\u0131n gelmesiyle birlikte kent genelindeki parklarda bak\u0131m, onar\u0131m ve yenileme \u00e7al\u0131\u015fmalar\u0131n\u0131 h\u0131zland\u0131rd\u0131.<\/p>\n<p>G\u00fcvercianda Caddesi \u00fczerinde bulunan B\u00fclent Ecevit Park\u0131\u2019ndaki eskiyen \u00e7ocuk oyun gruplar\u0131 yenisiyle de\u011fi\u015ftirildi.<\/p>\n<p>Ku\u015fadas\u0131 Belediyesi &#8220;Daha Ye\u015fil Bir \u00c7evre&#8221; hedefiyle farkl\u0131 mahallelerde e\u015f zamanl\u0131 olarak y\u00fcr\u00fctt\u00fc\u011f\u00fc park yap\u0131m ve yenileme \u00e7al\u0131\u015fmalar\u0131n\u0131 s\u00fcrd\u00fcr\u00fcyor. Ba\u015fkan \u00d6mer G\u00fcnel\u2019in g\u00f6revde oldu\u011fu 6 y\u0131lda kente 80 futbol sahas\u0131 b\u00fcy\u00fckl\u00fc\u011f\u00fcnde yeni ye\u015fil alan kazand\u0131ran Ku\u015fadas\u0131 Belediyesi\u2019nin \u00e7al\u0131\u015fmalar\u0131 sayesinde, kentte \u00e7ocuklar\u0131n keyifli vakit ge\u00e7irirken sosyalle\u015febilece\u011fi alanlar\u0131n say\u0131s\u0131 her ge\u00e7en g\u00fcn art\u0131yor.<\/p>\n<p>Park ve Bah\u00e7eler M\u00fcd\u00fcrl\u00fc\u011f\u00fc ekipleri, yeni park ve ye\u015fil alan yap\u0131m\u0131n\u0131n yan\u0131 s\u0131ra mevcut parklarda d\u00fczenli olarak bak\u0131m ve onar\u0131m \u00e7al\u0131\u015fmas\u0131 da y\u00fcr\u00fct\u00fcyor. Bu kapsamda ekipler, son olarak denize s\u0131f\u0131r olan konumuyla mavi ve ye\u015filin bulu\u015fma noktas\u0131 olan B\u00fclent Ecevit Park\u0131\u2019ndaki eskiyen oyun gruplar\u0131n\u0131 yenisiyle de\u011fi\u015ftirdi. \u00c7ocuklar\u0131n en sevdi\u011fi zipline oyun parkurunu da yenileyen ekipler, ayr\u0131ca kau\u00e7uk zeminin bak\u0131m \u00e7al\u0131\u015fmalar\u0131n\u0131 da ger\u00e7ekle\u015ftirdi.<br \/><\/p>\n","protected":false},"excerpt":{"rendered":"<p>Ku\u015fadas\u0131 Belediyesi, bahar\u0131n gelmesiyle birlikte kent genelindeki parklarda bak\u0131m, onar\u0131m ve yenileme \u00e7al\u0131\u015fmalar\u0131n\u0131 h\u0131zland\u0131rd\u0131. G\u00fcvercianda Caddesi \u00fczerinde bulunan B\u00fclent Ecevit Park\u0131\u2019ndaki eskiyen \u00e7ocuk oyun gruplar\u0131 yenisiyle de\u011fi\u015ftirildi. Ku\u015fadas\u0131 Belediyesi &#8220;Daha Ye\u015fil Bir \u00c7evre&#8221; hedefiyle farkl\u0131 mahallelerde e\u015f zamanl\u0131 olarak y\u00fcr\u00fctt\u00fc\u011f\u00fc park yap\u0131m ve yenileme \u00e7al\u0131\u015fmalar\u0131n\u0131 s\u00fcrd\u00fcr\u00fcyor. Ba\u015fkan \u00d6mer G\u00fcnel\u2019in g\u00f6revde oldu\u011fu 6 y\u0131lda kente 80&#8230;<\/p>\n","protected":false},"author":1,"featured_media":25947,"comment_status":"open","ping_status":"open","sticky":false,"template":"","format":"standard","meta":{"_crdt_document":"","footnotes":""},"categories":[1],"tags":[],"class_list":["post-25946","post","type-post","status-publish","format-standard","has-post-thumbnail","hentry","category-guncel"],"_links":{"self":[{"href":"https:\/\/www.egemtv.com\/index.php?rest_route=\/wp\/v2\/posts\/25946","targetHints":{"allow":["GET"]}}],"collection":[{"href":"https:\/\/www.egemtv.com\/index.php?rest_route=\/wp\/v2\/posts"}],"about":[{"href":"https:\/\/www.egemtv.com\/index.php?rest_route=\/wp\/v2\/types\/post"}],"author":[{"embeddable":true,"href":"https:\/\/www.egemtv.com\/index.php?rest_route=\/wp\/v2\/users\/1"}],"replies":[{"embeddable":true,"href":"https:\/\/www.egemtv.com\/index.php?rest_route=%2Fwp%2Fv2%2Fcomments&post=25946"}],"version-history":[{"count":1,"href":"https:\/\/www.egemtv.com\/index.php?rest_route=\/wp\/v2\/posts\/25946\/revisions"}],"predecessor-version":[{"id":25948,"href":"https:\/\/www.egemtv.com\/index.php?rest_route=\/wp\/v2\/posts\/25946\/revisions\/25948"}],"wp:featuredmedia":[{"embeddable":true,"href":"https:\/\/www.egemtv.com\/index.php?rest_route=\/wp\/v2\/media\/25947"}],"wp:attachment":[{"href":"https:\/\/www.egemtv.com\/index.php?rest_route=%2Fwp%2Fv2%2Fmedia&parent=25946"}],"wp:term":[{"taxonomy":"category","embeddable":true,"href":"https:\/\/www.egemtv.com\/index.php?rest_route=%2Fwp%2Fv2%2Fcategories&post=25946"},{"taxonomy":"post_tag","embeddable":true,"href":"https:\/\/www.egemtv.com\/index.php?rest_route=%2Fwp%2Fv2%2Ftags&post=25946"}],"curies":[{"name":"wp","href":"https:\/\/api.w.org\/{rel}","templated":true}]}}