{"id":25943,"date":"2025-03-22T16:29:05","date_gmt":"2025-03-22T13:29:05","guid":{"rendered":"https:\/\/www.egemtv.com\/?p=25943"},"modified":"2025-03-22T16:29:09","modified_gmt":"2025-03-22T13:29:09","slug":"muglada-boks-heyecani","status":"publish","type":"post","link":"https:\/\/www.egemtv.com\/?p=25943","title":{"rendered":"Mu\u011fla\u2019da boks heyecan\u0131"},"content":{"rendered":"<p>Mu\u011fla\u2019da boks tutkunlar\u0131n\u0131 bir araya getiren &#8220;Y\u0131ld\u0131zlar, Gen\u00e7ler, Erkekler ve U22 Kad\u0131nlar Boks \u0130l Birincili\u011fi&#8221; m\u00fcsabakalar\u0131, Mente\u015fe Spor Salonu\u2019nda ba\u015flad\u0131.<br \/>\n<br \/>B\u00fcy\u00fck \u00e7eki\u015fmeye sahne olan organizasyonda, sporcular \u015fampiyonluk i\u00e7in k\u0131yas\u0131ya m\u00fccadele ediyor.<br \/>\n<br \/>M\u00fcsabakalara kat\u0131lan gen\u00e7 yetenekler, ringde h\u00fcnerlerini sergileyerek \u015fampiyonluk i\u00e7in ter d\u00f6k\u00fcyor. Fair-play ruhunun \u00f6n planda oldu\u011fu turnuva, Mu\u011fla\u2019da boksun geli\u015fimi a\u00e7\u0131s\u0131ndan \u00f6nemli bir organizasyon olarak dikkat \u00e7ekiyor.<br \/>\n<br \/>Mu\u011fla Gen\u00e7lik ve Spor \u0130l M\u00fcd\u00fcrl\u00fc\u011f\u00fcnden yap\u0131lan a\u00e7\u0131klamada &#8221; Sporcular\u0131m\u0131za ba\u015far\u0131lar diler, t\u00fcm boks severleri heyecan dolu m\u00fcsabakalar\u0131 izlemeye davet ederiz &#8220;ifadesi kullan\u0131ld\u0131.<br \/><\/p>\n","protected":false},"excerpt":{"rendered":"<p>Mu\u011fla\u2019da boks tutkunlar\u0131n\u0131 bir araya getiren &#8220;Y\u0131ld\u0131zlar, Gen\u00e7ler, Erkekler ve U22 Kad\u0131nlar Boks \u0130l Birincili\u011fi&#8221; m\u00fcsabakalar\u0131, Mente\u015fe Spor Salonu\u2019nda ba\u015flad\u0131. B\u00fcy\u00fck \u00e7eki\u015fmeye sahne olan organizasyonda, sporcular \u015fampiyonluk i\u00e7in k\u0131yas\u0131ya m\u00fccadele ediyor. M\u00fcsabakalara kat\u0131lan gen\u00e7 yetenekler, ringde h\u00fcnerlerini sergileyerek \u015fampiyonluk i\u00e7in ter d\u00f6k\u00fcyor. Fair-play ruhunun \u00f6n planda oldu\u011fu turnuva, Mu\u011fla\u2019da boksun geli\u015fimi a\u00e7\u0131s\u0131ndan \u00f6nemli bir organizasyon&#8230;<\/p>\n","protected":false},"author":1,"featured_media":25944,"comment_status":"open","ping_status":"open","sticky":false,"template":"","format":"standard","meta":{"_crdt_document":"","footnotes":""},"categories":[4],"tags":[],"class_list":["post-25943","post","type-post","status-publish","format-standard","has-post-thumbnail","hentry","category-spor"],"_links":{"self":[{"href":"https:\/\/www.egemtv.com\/index.php?rest_route=\/wp\/v2\/posts\/25943","targetHints":{"allow":["GET"]}}],"collection":[{"href":"https:\/\/www.egemtv.com\/index.php?rest_route=\/wp\/v2\/posts"}],"about":[{"href":"https:\/\/www.egemtv.com\/index.php?rest_route=\/wp\/v2\/types\/post"}],"author":[{"embeddable":true,"href":"https:\/\/www.egemtv.com\/index.php?rest_route=\/wp\/v2\/users\/1"}],"replies":[{"embeddable":true,"href":"https:\/\/www.egemtv.com\/index.php?rest_route=%2Fwp%2Fv2%2Fcomments&post=25943"}],"version-history":[{"count":1,"href":"https:\/\/www.egemtv.com\/index.php?rest_route=\/wp\/v2\/posts\/25943\/revisions"}],"predecessor-version":[{"id":25945,"href":"https:\/\/www.egemtv.com\/index.php?rest_route=\/wp\/v2\/posts\/25943\/revisions\/25945"}],"wp:featuredmedia":[{"embeddable":true,"href":"https:\/\/www.egemtv.com\/index.php?rest_route=\/wp\/v2\/media\/25944"}],"wp:attachment":[{"href":"https:\/\/www.egemtv.com\/index.php?rest_route=%2Fwp%2Fv2%2Fmedia&parent=25943"}],"wp:term":[{"taxonomy":"category","embeddable":true,"href":"https:\/\/www.egemtv.com\/index.php?rest_route=%2Fwp%2Fv2%2Fcategories&post=25943"},{"taxonomy":"post_tag","embeddable":true,"href":"https:\/\/www.egemtv.com\/index.php?rest_route=%2Fwp%2Fv2%2Ftags&post=25943"}],"curies":[{"name":"wp","href":"https:\/\/api.w.org\/{rel}","templated":true}]}}