{"id":25940,"date":"2025-03-22T16:29:01","date_gmt":"2025-03-22T13:29:01","guid":{"rendered":"https:\/\/www.egemtv.com\/?p=25940"},"modified":"2025-03-22T16:29:05","modified_gmt":"2025-03-22T13:29:05","slug":"jandarmadan-rukis-anneanne-rukiye-eryigite-anlamli-ziyaret","status":"publish","type":"post","link":"https:\/\/www.egemtv.com\/?p=25940","title":{"rendered":"Jandarmadan &#8220;R\u00fcki\u015f Anneanne&#8221; Rukiye Eryi\u011fit\u2019e anlaml\u0131 ziyaret"},"content":{"rendered":"<p>Manisa \u0130l Jandarma Komutanl\u0131\u011f\u0131 ve Soma \u0130l\u00e7e Jandarma Komutanl\u0131\u011f\u0131 ekipleri, &#8220;R\u00fcki\u015f Anneanne&#8221; olarak bilinen Rukiye Eryi\u011fit\u2019i ya\u015fl\u0131lar haftas\u0131 dolay\u0131s\u0131yla ziyaret etti.<br \/>\n<br \/>Manisa \u0130l Jandarma Komutanl\u0131\u011f\u0131 ve Soma \u0130l\u00e7e Jandarma Komutanl\u0131\u011f\u0131 ekipleri, &#8220;R\u00fcki\u015f Anneanne&#8221; lakab\u0131yla tan\u0131nan 82 ya\u015f\u0131ndaki Rukiye Eryi\u011fit\u2019i ziyaret etti. Ya\u015fl\u0131lara Sayg\u0131 Haftas\u0131 kapsam\u0131nda ger\u00e7ekle\u015ftirilen ziyaret, b\u00fcy\u00fcklerimize verilen de\u011feri bir kez daha g\u00f6zler \u00f6n\u00fcne serdi.<br \/>\n<br \/>Manisa \u0130l Jandarma Komutanl\u0131\u011f\u0131, ziyaretle ilgili yapt\u0131\u011f\u0131 a\u00e7\u0131klamada, &#8220;Ya\u015fl\u0131lar\u0131m\u0131z, ge\u00e7mi\u015fin tecr\u00fcbeleriyle gelece\u011fimizi ayd\u0131nlatan en de\u011ferli hazinelerimizdir. Bu \u00f6zel haftada, sevgiye, sayg\u0131ya ve ilgiye en \u00e7ok lay\u0131k olan b\u00fcy\u00fcklerimizi hat\u0131rlamakla kalmay\u0131p, onlara hak ettikleri de\u011feri her zaman g\u00f6stermeyi unutmayal\u0131m&#8221; ifadelerine yer verdi.<br \/>\n<br \/>Jandarma ekiplerinin ilgisinden dolay\u0131 b\u00fcy\u00fck mutluluk duydu\u011funu belirten Rukiye Eryi\u011fit ise, &#8220;Ziyaretleri beni \u00e7ok mutlu etti. Jandarmam\u0131za te\u015fekk\u00fcr ediyorum&#8221; dedi.<br \/><\/p>\n","protected":false},"excerpt":{"rendered":"<p>Manisa \u0130l Jandarma Komutanl\u0131\u011f\u0131 ve Soma \u0130l\u00e7e Jandarma Komutanl\u0131\u011f\u0131 ekipleri, &#8220;R\u00fcki\u015f Anneanne&#8221; olarak bilinen Rukiye Eryi\u011fit\u2019i ya\u015fl\u0131lar haftas\u0131 dolay\u0131s\u0131yla ziyaret etti. Manisa \u0130l Jandarma Komutanl\u0131\u011f\u0131 ve Soma \u0130l\u00e7e Jandarma Komutanl\u0131\u011f\u0131 ekipleri, &#8220;R\u00fcki\u015f Anneanne&#8221; lakab\u0131yla tan\u0131nan 82 ya\u015f\u0131ndaki Rukiye Eryi\u011fit\u2019i ziyaret etti. Ya\u015fl\u0131lara Sayg\u0131 Haftas\u0131 kapsam\u0131nda ger\u00e7ekle\u015ftirilen ziyaret, b\u00fcy\u00fcklerimize verilen de\u011feri bir kez daha g\u00f6zler \u00f6n\u00fcne&#8230;<\/p>\n","protected":false},"author":1,"featured_media":25941,"comment_status":"open","ping_status":"open","sticky":false,"template":"","format":"standard","meta":{"_crdt_document":"","footnotes":""},"categories":[123],"tags":[],"class_list":["post-25940","post","type-post","status-publish","format-standard","has-post-thumbnail","hentry","category-gundem"],"_links":{"self":[{"href":"https:\/\/www.egemtv.com\/index.php?rest_route=\/wp\/v2\/posts\/25940","targetHints":{"allow":["GET"]}}],"collection":[{"href":"https:\/\/www.egemtv.com\/index.php?rest_route=\/wp\/v2\/posts"}],"about":[{"href":"https:\/\/www.egemtv.com\/index.php?rest_route=\/wp\/v2\/types\/post"}],"author":[{"embeddable":true,"href":"https:\/\/www.egemtv.com\/index.php?rest_route=\/wp\/v2\/users\/1"}],"replies":[{"embeddable":true,"href":"https:\/\/www.egemtv.com\/index.php?rest_route=%2Fwp%2Fv2%2Fcomments&post=25940"}],"version-history":[{"count":1,"href":"https:\/\/www.egemtv.com\/index.php?rest_route=\/wp\/v2\/posts\/25940\/revisions"}],"predecessor-version":[{"id":25942,"href":"https:\/\/www.egemtv.com\/index.php?rest_route=\/wp\/v2\/posts\/25940\/revisions\/25942"}],"wp:featuredmedia":[{"embeddable":true,"href":"https:\/\/www.egemtv.com\/index.php?rest_route=\/wp\/v2\/media\/25941"}],"wp:attachment":[{"href":"https:\/\/www.egemtv.com\/index.php?rest_route=%2Fwp%2Fv2%2Fmedia&parent=25940"}],"wp:term":[{"taxonomy":"category","embeddable":true,"href":"https:\/\/www.egemtv.com\/index.php?rest_route=%2Fwp%2Fv2%2Fcategories&post=25940"},{"taxonomy":"post_tag","embeddable":true,"href":"https:\/\/www.egemtv.com\/index.php?rest_route=%2Fwp%2Fv2%2Ftags&post=25940"}],"curies":[{"name":"wp","href":"https:\/\/api.w.org\/{rel}","templated":true}]}}