{"id":25937,"date":"2025-03-22T16:28:56","date_gmt":"2025-03-22T13:28:56","guid":{"rendered":"https:\/\/www.egemtv.com\/?p=25937"},"modified":"2025-03-22T16:29:01","modified_gmt":"2025-03-22T13:29:01","slug":"belediyeden-ogrencilere-su-farkindaligi-semineri","status":"publish","type":"post","link":"https:\/\/www.egemtv.com\/?p=25937","title":{"rendered":"Belediyeden \u00f6\u011frencilere su fark\u0131ndal\u0131\u011f\u0131 semineri"},"content":{"rendered":"<p>Bodrum Belediyesi taraf\u0131ndan 22 Mart D\u00fcnya Su G\u00fcn\u00fc kapsam\u0131nda, \u00f6\u011frencilere su fark\u0131ndal\u0131\u011f\u0131 semineri d\u00fczenlendi.<\/p>\n<p>Bodrum Belediyesi \u0130klim De\u011fi\u015fikli\u011fi ve S\u0131f\u0131r At\u0131k M\u00fcd\u00fcrl\u00fc\u011f\u00fcnden Filiz Hekimo\u011flu ve Selen \u015eahin taraf\u0131ndan 20 Mart Per\u015fembe g\u00fcn\u00fc Turgutreis U\u011fur Okullar\u0131nda, 21 Mart Cuma g\u00fcn\u00fc ise Bodrum Kolejinde su fark\u0131ndal\u0131\u011f\u0131n\u0131 art\u0131rmak amac\u0131yla seminer d\u00fczenlendi.<\/p>\n<p>Seminerde \u00f6\u011frencilere; suyun ya\u015fam i\u00e7in \u00f6nemi, d\u00fcnyada ve \u00fclkemizde ya\u015fanan su krizleri, su kaynaklar\u0131n\u0131n korunmas\u0131 ve bireysel tasarruf y\u00f6ntemleri interaktif sunumlar ve videolar e\u015fli\u011finde aktar\u0131ld\u0131. Ayr\u0131ca suyun israf\u0131 ve iklim de\u011fi\u015fikli\u011fi aras\u0131ndaki ili\u015fki de \u00f6rneklerle anlat\u0131ld\u0131. Etkinli\u011fin sonunda, su tasarrufunun g\u00fcnl\u00fck ya\u015famda uygulanabilirli\u011fini art\u0131rmak amac\u0131yla \u00f6\u011frencilere tasarruflu su perlat\u00f6rleri da\u011f\u0131t\u0131ld\u0131.<br \/>\n<br \/>Bodrum Belediyesi yetkilileri, e\u011fitimlerin \u00e7evre bilincini k\u00fc\u00e7\u00fck ya\u015flarda a\u015f\u0131lamak i\u00e7in b\u00fcy\u00fck \u00f6nem ta\u015f\u0131d\u0131\u011f\u0131n\u0131 belirterek fark\u0131ndal\u0131k etkinliklerinin y\u0131l boyunca farkl\u0131 okullarda da devam edece\u011fi bilgisini verdi.<br \/><\/p>\n","protected":false},"excerpt":{"rendered":"<p>Bodrum Belediyesi taraf\u0131ndan 22 Mart D\u00fcnya Su G\u00fcn\u00fc kapsam\u0131nda, \u00f6\u011frencilere su fark\u0131ndal\u0131\u011f\u0131 semineri d\u00fczenlendi. Bodrum Belediyesi \u0130klim De\u011fi\u015fikli\u011fi ve S\u0131f\u0131r At\u0131k M\u00fcd\u00fcrl\u00fc\u011f\u00fcnden Filiz Hekimo\u011flu ve Selen \u015eahin taraf\u0131ndan 20 Mart Per\u015fembe g\u00fcn\u00fc Turgutreis U\u011fur Okullar\u0131nda, 21 Mart Cuma g\u00fcn\u00fc ise Bodrum Kolejinde su fark\u0131ndal\u0131\u011f\u0131n\u0131 art\u0131rmak amac\u0131yla seminer d\u00fczenlendi. Seminerde \u00f6\u011frencilere; suyun ya\u015fam i\u00e7in \u00f6nemi, d\u00fcnyada&#8230;<\/p>\n","protected":false},"author":1,"featured_media":25938,"comment_status":"open","ping_status":"open","sticky":false,"template":"","format":"standard","meta":{"_crdt_document":"","footnotes":""},"categories":[1],"tags":[],"class_list":["post-25937","post","type-post","status-publish","format-standard","has-post-thumbnail","hentry","category-guncel"],"_links":{"self":[{"href":"https:\/\/www.egemtv.com\/index.php?rest_route=\/wp\/v2\/posts\/25937","targetHints":{"allow":["GET"]}}],"collection":[{"href":"https:\/\/www.egemtv.com\/index.php?rest_route=\/wp\/v2\/posts"}],"about":[{"href":"https:\/\/www.egemtv.com\/index.php?rest_route=\/wp\/v2\/types\/post"}],"author":[{"embeddable":true,"href":"https:\/\/www.egemtv.com\/index.php?rest_route=\/wp\/v2\/users\/1"}],"replies":[{"embeddable":true,"href":"https:\/\/www.egemtv.com\/index.php?rest_route=%2Fwp%2Fv2%2Fcomments&post=25937"}],"version-history":[{"count":1,"href":"https:\/\/www.egemtv.com\/index.php?rest_route=\/wp\/v2\/posts\/25937\/revisions"}],"predecessor-version":[{"id":25939,"href":"https:\/\/www.egemtv.com\/index.php?rest_route=\/wp\/v2\/posts\/25937\/revisions\/25939"}],"wp:featuredmedia":[{"embeddable":true,"href":"https:\/\/www.egemtv.com\/index.php?rest_route=\/wp\/v2\/media\/25938"}],"wp:attachment":[{"href":"https:\/\/www.egemtv.com\/index.php?rest_route=%2Fwp%2Fv2%2Fmedia&parent=25937"}],"wp:term":[{"taxonomy":"category","embeddable":true,"href":"https:\/\/www.egemtv.com\/index.php?rest_route=%2Fwp%2Fv2%2Fcategories&post=25937"},{"taxonomy":"post_tag","embeddable":true,"href":"https:\/\/www.egemtv.com\/index.php?rest_route=%2Fwp%2Fv2%2Ftags&post=25937"}],"curies":[{"name":"wp","href":"https:\/\/api.w.org\/{rel}","templated":true}]}}