{"id":25934,"date":"2025-03-22T15:51:13","date_gmt":"2025-03-22T12:51:13","guid":{"rendered":"https:\/\/www.egemtv.com\/?p=25934"},"modified":"2025-03-22T15:51:17","modified_gmt":"2025-03-22T12:51:17","slug":"genel-sekreter-deste-sampiyonlari-agirladi","status":"publish","type":"post","link":"https:\/\/www.egemtv.com\/?p=25934","title":{"rendered":"Genel Sekreter Deste \u015fampiyonlar\u0131 a\u011f\u0131rlad\u0131"},"content":{"rendered":"<p>Manisa B\u00fcy\u00fck\u015fehir Belediyesi Genel Sekreteri Burak Deste, Fransa\u2019da d\u00fczenlenen Aquae Open Cup 2025 y\u0131l\u0131 Uluslararas\u0131 Aerobik Cimnastik Turnuvas\u0131\u2019nda 4 tak\u0131m \u015fampiyonlu\u011fu, 20 alt\u0131n ve 6 g\u00fcm\u00fc\u015f madalya kazanan B\u00fcy\u00fck\u015fehir Belediyespor Kul\u00fcb\u00fc Cimnastik tak\u0131m\u0131n\u0131 a\u011f\u0131rlad\u0131.<br \/>\n<br \/>Manisa B\u00fcy\u00fck\u015fehir Belediyespor Kul\u00fcb\u00fc Cimnastik tak\u0131m\u0131, Fransa\u2019n\u0131n Aix-Les-Bains kentinde d\u00fczenlenen Aquae Open Cup 2025 y\u0131l\u0131 Uluslararas\u0131 Aerobik Cimnastik Turnuvas\u0131\u2019na damga vurdu. B\u00fcy\u00fck\u015fehir Belediyesi Genel Sekreteri Burak Deste de, Cimnastik tak\u0131m\u0131n\u0131 B\u00fcy\u00fck\u015fehir Belediyesinde misafir etti. Manisa BBSK, turnuvada, 4 tak\u0131m \u015fampiyonlu\u011funun yan\u0131 s\u0131ra 20 alt\u0131n, 6 g\u00fcm\u00fc\u015f da g\u00fcm\u00fc\u015f madalya kazand\u0131. Ba\u015far\u0131lar\u0131yla uluslararas\u0131 arenada da dikkatleri \u00fczerine \u00e7eken Manisa BBSK\u2019n\u0131n ziyaretinde, Y\u00f6netim Kurulu \u00dcyesi Erkan Turbil, Milli tak\u0131mda da g\u00f6rev yapan antren\u00f6rler Mehmet Ali Ekin ile Zeki Can Akda\u011f, sporcular ve sporcu velileri de yer ald\u0131.<\/p>\n<p>&#8220;Ba\u015fkan\u0131m\u0131za, bizlere verdi\u011fi destekler i\u00e7in te\u015fekk\u00fcr ediyoruz&#8221;<br \/>\n<br \/>Manisa BBSK Y\u00f6netim Kurulu \u00dcyesi Erkan Turbil, kendilerini konuk eden B\u00fcy\u00fck\u015fehir Belediyesi Genel Sekreteri Burak Deste\u2019ye te\u015fekk\u00fcr ederek, &#8220;Cimnastik bran\u015f\u0131nda \u00fcst \u00fcste ald\u0131\u011f\u0131m\u0131z ba\u015far\u0131l\u0131 sonu\u00e7lar bizleri \u00e7ok gururland\u0131rd\u0131. T\u00fcrkiye \u015eampiyonas\u0131\u2019nda ald\u0131\u011f\u0131m\u0131z madalyalar\u0131n ard\u0131ndan uluslararas\u0131 bir turnuvaya da damga vurduk. Att\u0131\u011f\u0131m\u0131z do\u011fru ad\u0131mlar ile olu\u015fturdu\u011fumuz yol haritas\u0131n\u0131n meyvelerini birer birer toplamaya ba\u015flad\u0131k. Tabiki ald\u0131\u011f\u0131m\u0131z ba\u015far\u0131larda B\u00fcy\u00fck\u015fehir Belediye Ba\u015fkan\u0131m\u0131z Say\u0131n Ferdi Zeyrek\u2019in destekleri bizler i\u00e7in \u00e7ok \u00f6nemli. Ba\u015fkan\u0131m\u0131za, bizlere verdi\u011fi destekler i\u00e7in te\u015fekk\u00fcr ediyoruz. Ayn\u0131 ciddiyetle \u00f6n\u00fcm\u00fczdeki \u015fampiyonalara haz\u0131rlanmaya devam edece\u011fiz&#8221; dedi.<\/p>\n<p>&#8220;Cimnastik tak\u0131m\u0131m\u0131zla ne kadar gurur duysak az&#8221;<br \/>\n<br \/>Manisa B\u00fcy\u00fck\u015fehir Belediyesi Genel Sekreteri Burak Deste de, ba\u015far\u0131lar\u0131yla \u00fclkeye ve Manisa\u2019ya b\u00fcy\u00fck bir gurur ya\u015fatan sporcular\u0131 tebrik ederek, s\u00f6zlerine ba\u015flad\u0131. Deste, &#8220;Uluslararas\u0131 mecrada kazan\u0131lan kupalar, madalyalar \u00e7ok k\u0131ymetli. Cimnastik tak\u0131m\u0131m\u0131zla ne kadar gurur duysak az. B\u00fcy\u00fck\u015fehir Belediye Ba\u015fkan\u0131m\u0131z Say\u0131n Ferdi Zeyrek, amat\u00f6r bran\u015flara destek verilmesini \u00e7ok \u00f6nemsiyor. Ba\u015fkan\u0131m\u0131z\u0131n her zaman s\u00f6yledi\u011fi gibi, \u2018Manisa B\u00fcy\u00fck\u015fehir Belediyesi amat\u00f6r bran\u015flardaki t\u00fcm sporcular\u0131m\u0131z\u0131n, Manisa\u2019da ya\u015fayan t\u00fcm evlatlar\u0131m\u0131z\u0131n yuvas\u0131 olacak.\u2019 Kul\u00fcp Ba\u015fkan\u0131m\u0131z Emre Hasg\u00f6r\u2019e ve y\u00f6netim kurulu \u00fcyelerine de g\u00f6sterdikleri \u00f6zveri i\u00e7in te\u015fekk\u00fcr ediyorum. Milli tak\u0131mda da g\u00f6rev yapan antren\u00f6rlerimizi ve sporcular\u0131m\u0131z\u0131 bir kez daha tebrik ediyorum&#8221; ifadelerini kulland\u0131.<br \/><\/p>\n","protected":false},"excerpt":{"rendered":"<p>Manisa B\u00fcy\u00fck\u015fehir Belediyesi Genel Sekreteri Burak Deste, Fransa\u2019da d\u00fczenlenen Aquae Open Cup 2025 y\u0131l\u0131 Uluslararas\u0131 Aerobik Cimnastik Turnuvas\u0131\u2019nda 4 tak\u0131m \u015fampiyonlu\u011fu, 20 alt\u0131n ve 6 g\u00fcm\u00fc\u015f madalya kazanan B\u00fcy\u00fck\u015fehir Belediyespor Kul\u00fcb\u00fc Cimnastik tak\u0131m\u0131n\u0131 a\u011f\u0131rlad\u0131. Manisa B\u00fcy\u00fck\u015fehir Belediyespor Kul\u00fcb\u00fc Cimnastik tak\u0131m\u0131, Fransa\u2019n\u0131n Aix-Les-Bains kentinde d\u00fczenlenen Aquae Open Cup 2025 y\u0131l\u0131 Uluslararas\u0131 Aerobik Cimnastik Turnuvas\u0131\u2019na damga vurdu&#8230;.<\/p>\n","protected":false},"author":1,"featured_media":25935,"comment_status":"open","ping_status":"open","sticky":false,"template":"","format":"standard","meta":{"_crdt_document":"","footnotes":""},"categories":[4],"tags":[],"class_list":["post-25934","post","type-post","status-publish","format-standard","has-post-thumbnail","hentry","category-spor"],"_links":{"self":[{"href":"https:\/\/www.egemtv.com\/index.php?rest_route=\/wp\/v2\/posts\/25934","targetHints":{"allow":["GET"]}}],"collection":[{"href":"https:\/\/www.egemtv.com\/index.php?rest_route=\/wp\/v2\/posts"}],"about":[{"href":"https:\/\/www.egemtv.com\/index.php?rest_route=\/wp\/v2\/types\/post"}],"author":[{"embeddable":true,"href":"https:\/\/www.egemtv.com\/index.php?rest_route=\/wp\/v2\/users\/1"}],"replies":[{"embeddable":true,"href":"https:\/\/www.egemtv.com\/index.php?rest_route=%2Fwp%2Fv2%2Fcomments&post=25934"}],"version-history":[{"count":1,"href":"https:\/\/www.egemtv.com\/index.php?rest_route=\/wp\/v2\/posts\/25934\/revisions"}],"predecessor-version":[{"id":25936,"href":"https:\/\/www.egemtv.com\/index.php?rest_route=\/wp\/v2\/posts\/25934\/revisions\/25936"}],"wp:featuredmedia":[{"embeddable":true,"href":"https:\/\/www.egemtv.com\/index.php?rest_route=\/wp\/v2\/media\/25935"}],"wp:attachment":[{"href":"https:\/\/www.egemtv.com\/index.php?rest_route=%2Fwp%2Fv2%2Fmedia&parent=25934"}],"wp:term":[{"taxonomy":"category","embeddable":true,"href":"https:\/\/www.egemtv.com\/index.php?rest_route=%2Fwp%2Fv2%2Fcategories&post=25934"},{"taxonomy":"post_tag","embeddable":true,"href":"https:\/\/www.egemtv.com\/index.php?rest_route=%2Fwp%2Fv2%2Ftags&post=25934"}],"curies":[{"name":"wp","href":"https:\/\/api.w.org\/{rel}","templated":true}]}}