{"id":25931,"date":"2025-03-22T15:24:56","date_gmt":"2025-03-22T12:24:56","guid":{"rendered":"https:\/\/www.egemtv.com\/?p=25931"},"modified":"2025-03-22T15:25:00","modified_gmt":"2025-03-22T12:25:00","slug":"baskan-ozalper-demokrasiye-sahip-cikmak-isteyen-herkesi-sandiga-bekliyoruz","status":"publish","type":"post","link":"https:\/\/www.egemtv.com\/?p=25931","title":{"rendered":"Ba\u015fkan \u00d6zalper: &#8220;Demokrasiye sahip \u00e7\u0131kmak isteyen herkesi sand\u0131\u011fa bekliyoruz&#8221;"},"content":{"rendered":"<p>Cumhuriyet Halk Partisi (CHP) Manisa \u0130l Ba\u015fkan\u0131 \u0130lksen \u00d6zalper, parti \u00fcyeleri ve t\u00fcm vatanda\u015flar\u0131 23 Mart\u2019ta yap\u0131lacak Cumhurba\u015fkanl\u0131\u011f\u0131 \u00f6n se\u00e7imine davet etti. Ba\u015fkan \u00d6zalper, &#8220;Demokrasiye sahip \u00e7\u0131kmak isteyen herkesi sand\u0131\u011fa bekliyoruz&#8221; dedi.<br \/>\n<br \/>CHP\u2019nin yapaca\u011f\u0131 Cumhurba\u015fkanl\u0131\u011f\u0131 \u00d6n Se\u00e7imi\u2019ne say\u0131l\u0131 zaman kald\u0131. \u00d6n se\u00e7imde hem partililer, hem de parti \u00fcyesi olmayan vatanda\u015flar oy kullanabilecek. Manisa il genelinde partililer 146 sand\u0131kta oy kullanacak. \u00d6n se\u00e7imde oy kullanmak isteyen partili olmayan vatanda\u015flar i\u00e7in dayan\u0131\u015fma sand\u0131\u011f\u0131 da kurulacak.<br \/>\n<br \/>CHP Manisa \u0130l Ba\u015fkan\u0131 \u0130lksen \u00d6zalper \u00f6n se\u00e7ime ili\u015fkin yapt\u0131\u011f\u0131 a\u00e7\u0131klamada, &#8220;Bask\u0131lara boyun e\u011fmiyoruz, bir ad\u0131m geri atm\u0131yoruz. Yar\u0131n sand\u0131klar\u0131 patlataca\u011f\u0131z, Cumhurba\u015fkan\u0131 aday\u0131m\u0131za da sand\u0131k hakk\u0131m\u0131za da sahip \u00e7\u0131kaca\u011f\u0131z. Demokrasiyi ta\u00e7land\u0131rmak i\u00e7in parti \u00fcyemiz olmayan t\u00fcm vatanda\u015flar\u0131 da oy kullanmaya davet ediyorum. Kurtulu\u015f yok tek ba\u015f\u0131na, ya hep beraber ya hi\u00e7birimiz!&#8221; ifadelerini kulland\u0131.<br \/><\/p>\n","protected":false},"excerpt":{"rendered":"<p>Cumhuriyet Halk Partisi (CHP) Manisa \u0130l Ba\u015fkan\u0131 \u0130lksen \u00d6zalper, parti \u00fcyeleri ve t\u00fcm vatanda\u015flar\u0131 23 Mart\u2019ta yap\u0131lacak Cumhurba\u015fkanl\u0131\u011f\u0131 \u00f6n se\u00e7imine davet etti. Ba\u015fkan \u00d6zalper, &#8220;Demokrasiye sahip \u00e7\u0131kmak isteyen herkesi sand\u0131\u011fa bekliyoruz&#8221; dedi. CHP\u2019nin yapaca\u011f\u0131 Cumhurba\u015fkanl\u0131\u011f\u0131 \u00d6n Se\u00e7imi\u2019ne say\u0131l\u0131 zaman kald\u0131. \u00d6n se\u00e7imde hem partililer, hem de parti \u00fcyesi olmayan vatanda\u015flar oy kullanabilecek. Manisa il genelinde&#8230;<\/p>\n","protected":false},"author":1,"featured_media":25932,"comment_status":"open","ping_status":"open","sticky":false,"template":"","format":"standard","meta":{"_crdt_document":"","footnotes":""},"categories":[127],"tags":[],"class_list":["post-25931","post","type-post","status-publish","format-standard","has-post-thumbnail","hentry","category-siyaset"],"_links":{"self":[{"href":"https:\/\/www.egemtv.com\/index.php?rest_route=\/wp\/v2\/posts\/25931","targetHints":{"allow":["GET"]}}],"collection":[{"href":"https:\/\/www.egemtv.com\/index.php?rest_route=\/wp\/v2\/posts"}],"about":[{"href":"https:\/\/www.egemtv.com\/index.php?rest_route=\/wp\/v2\/types\/post"}],"author":[{"embeddable":true,"href":"https:\/\/www.egemtv.com\/index.php?rest_route=\/wp\/v2\/users\/1"}],"replies":[{"embeddable":true,"href":"https:\/\/www.egemtv.com\/index.php?rest_route=%2Fwp%2Fv2%2Fcomments&post=25931"}],"version-history":[{"count":1,"href":"https:\/\/www.egemtv.com\/index.php?rest_route=\/wp\/v2\/posts\/25931\/revisions"}],"predecessor-version":[{"id":25933,"href":"https:\/\/www.egemtv.com\/index.php?rest_route=\/wp\/v2\/posts\/25931\/revisions\/25933"}],"wp:featuredmedia":[{"embeddable":true,"href":"https:\/\/www.egemtv.com\/index.php?rest_route=\/wp\/v2\/media\/25932"}],"wp:attachment":[{"href":"https:\/\/www.egemtv.com\/index.php?rest_route=%2Fwp%2Fv2%2Fmedia&parent=25931"}],"wp:term":[{"taxonomy":"category","embeddable":true,"href":"https:\/\/www.egemtv.com\/index.php?rest_route=%2Fwp%2Fv2%2Fcategories&post=25931"},{"taxonomy":"post_tag","embeddable":true,"href":"https:\/\/www.egemtv.com\/index.php?rest_route=%2Fwp%2Fv2%2Ftags&post=25931"}],"curies":[{"name":"wp","href":"https:\/\/api.w.org\/{rel}","templated":true}]}}