{"id":25928,"date":"2025-03-22T15:05:05","date_gmt":"2025-03-22T12:05:05","guid":{"rendered":"https:\/\/www.egemtv.com\/?p=25928"},"modified":"2025-03-22T15:05:08","modified_gmt":"2025-03-22T12:05:08","slug":"ak-partili-baybatur-sokaklari-terorize-edenlere-en-guzel-cevap-15-temmuzda-verilmistir","status":"publish","type":"post","link":"https:\/\/www.egemtv.com\/?p=25928","title":{"rendered":"AK Parti\u2019li Baybatur:  &#8220;Sokaklar\u0131 ter\u00f6rize edenlere en g\u00fczel cevap 15 Temmuz\u2019da verilmi\u015ftir&#8221;"},"content":{"rendered":"<p>AK Parti Manisa Milletvekili Murat Baybatur, &#8220;\u0130stanbul B\u00fcy\u00fck\u015fehir Belediye Ba\u015fkan\u0131 Ekrem \u0130mamo\u011flu ve baz\u0131 b\u00fcrokratlar\u0131n\u0131n g\u00f6zalt\u0131na al\u0131nmas\u0131yla ba\u015flayan s\u00fcre\u00e7, CHP\u2019liler ve CHP Medyas\u0131n\u0131n \u00e7arp\u0131tmalar\u0131yla tamamen ba\u015fka bir hal almaya ba\u015flam\u0131\u015ft\u0131r&#8221; dedi.<br \/>\n<br \/>AK Parti Manisa Milletvekili Murat Baybatur, \u0130stanbul Belediye Ba\u015fkan\u0131 Ekrem \u0130mamo\u011flu\u2019nun g\u00f6zalt\u0131na al\u0131nmas\u0131 sonras\u0131nda ya\u015fananlara ili\u015fkin yaz\u0131l\u0131 a\u00e7\u0131klamalarda bulundu. Baybatur yapt\u0131\u011f\u0131 a\u00e7\u0131klamada  &#8220;Sokaklar\u0131 ter\u00f6rize edenlere en g\u00fczel cevap 15 Temmuz\u2019da verilmi\u015ftir. T\u00fcrkiye\u2019de bug\u00fcnlerde \u0130BB ve Ekrem \u0130mamo\u011flu\u2019nun liderli\u011fini yapt\u0131\u011f\u0131 su\u00e7 \u00f6rg\u00fct\u00fcyle ilgili yolsuzluk operasyonu s\u00fcrerken, ba\u011f\u0131ms\u0131z yarg\u0131m\u0131z i\u015fini yapmaya devam ederken birileri bunun sorumlusu olarak cumhurba\u015fkan\u0131m\u0131z\u0131 ve partimizi i\u015faret ediyor. Bu tam bir densizliktir, terbiyesizliktir, yapt\u0131klar\u0131 kabahati, hatay\u0131, yanl\u0131\u015f\u0131, illegal i\u015fleri ba\u015fka y\u00f6ne \u00e7ekme gayretidir. Mahkeme do\u011fru olan\u0131 yapacakt\u0131r, su\u00e7lar\u0131 varsa gereken cezay\u0131 al\u0131rlar, su\u00e7lar\u0131 yoksa hukukun \u00f6n\u00fcnde ve milletimizin g\u00f6z\u00fcnde aklan\u0131rlar&#8221; dedi.<br \/>\n<br \/>Baybatur s\u00f6zlerine \u015f\u00f6yle devam etti: &#8220;\u0130stanbul B\u00fcy\u00fck\u015fehir Belediye Ba\u015fkan\u0131 Ekrem \u0130mamo\u011flu ve baz\u0131 b\u00fcrokratlar\u0131n\u0131n g\u00f6zalt\u0131na al\u0131nmas\u0131yla ba\u015flayan s\u00fcre\u00e7, CHP\u2019liler ve CHP Medyas\u0131n\u0131n \u00e7arp\u0131tmalar\u0131yla tamamen ba\u015fka bir hal almaya ba\u015flam\u0131\u015ft\u0131r. Esasen konu tepeden t\u0131rna\u011fa b\u00fcy\u00fck bir yolsuzluk ve su\u00e7 \u00f6rg\u00fct\u00fc operasyonudur. CHP Genel Ba\u015fkan\u0131 \u00d6zg\u00fcr \u00d6zel ve partilileri, vatanda\u015flar\u0131 soka\u011fa \u00e7ekerek, s\u00f6zde hukuksuzluk diyerek, diploma diyerek, konuyu \u00e7arp\u0131tarak, usuls\u00fczl\u00fcklerin ve kay\u0131p milyarlar\u0131n \u00fcst\u00fcn\u00fc \u00f6rtmeye \u00e7al\u0131\u015f\u0131yorlar. Operasyonlar\u0131n ba\u015flang\u0131\u00e7 s\u00fcrecinde su\u00e7 duyurusunda bulunanlar CHP\u2019liler, \u015fikayet\u00e7i olduklar\u0131 ki\u015filer ise yine CHP\u2019lilerdir. Fakat yine her zaman oldu\u011fu gibi  milletimizi yan\u0131ltmak amac\u0131yla yalan bayanlarla cumhurba\u015fkan\u0131 aday\u0131 oldu\u011funu s\u00f6yleyen Ekrem \u0130mamo\u011flu\u2019nun \u00f6n\u00fcn\u00fc kapatmak amac\u0131yla operasyonlar\u0131n yap\u0131ld\u0131\u011f\u0131n\u0131 iddia ediyorlar. Oysa durum \u00e7ok ba\u015fka! Kendi i\u00e7 hesapla\u015fmalar\u0131n\u0131, gen\u00e7lerimizi soka\u011fa d\u00f6kerek, milletimizi kand\u0131rmaya \u00e7al\u0131\u015farak, ger\u00e7ekleri \u00e7arp\u0131tarak ak\u0131llar\u0131 s\u0131ra alg\u0131y\u0131 y\u00f6netmeye \u00e7al\u0131\u015f\u0131yorlar. \u0130stanbul B\u00fcy\u00fck\u015fehir Belediye Ba\u015fkan\u0131 Ekrem \u0130mamo\u011flu\u2019nun se\u00e7imlere y\u0131llar varken apar topar adayl\u0131k a\u00e7\u0131klamas\u0131 yapmas\u0131 ve \u015fehir \u015fehir gezmesi bunun en belirgin \u00f6rne\u011fidir. Her\u015fey milletimizin g\u00f6z\u00fc \u00f6n\u00fcnde cereyan ederken t\u0131pk\u0131 cumhurba\u015fkan\u0131 adaylar\u0131n\u0131 a\u00e7\u0131klayarak yanl\u0131\u015flar\u0131 \u00f6rtmeye \u00e7al\u0131\u015ft\u0131klar\u0131 gibi yine genel ba\u015fkanlar\u0131n\u0131n kurultay\u0131 toplama karar\u0131, g\u00fcn y\u00fcz\u00fcne \u00e7\u0131kmam\u0131\u015f ba\u015fka yanl\u0131\u015flar\u0131 \u00f6rtme tela\u015f\u0131n\u0131n tezah\u00fcr\u00fcd\u00fcr. Gen\u00e7lerimizi soka\u011fa \u00e7a\u011f\u0131rarak, polisimizi ta\u015flayarak, emniyet g\u00fc\u00e7lerimizi ve valimizi tehdit ederek parmak sallayanlar, belediye binalar\u0131na s\u0131\u011f\u0131n\u0131p, kendi partilileri ile g\u00f6r\u00fc\u015fmeyi kabul etmiyorlar. Gen\u00e7leri ve milletimize tavsiyemdir, sizleri yalanlarla avutmalar\u0131na, enerjinizi t\u00fcketmelerine, ay\u0131plar\u0131na kalkan etmelerine izin vermeyin. T\u00fcm bu olanlardan sonra kay\u0131p milyarlar\u0131n, yasa d\u0131\u015f\u0131 i\u015flerin hesab\u0131n\u0131 milletimize ve ba\u011f\u0131ms\u0131z T\u00fcrk yarg\u0131s\u0131na vermek vicdani, siyasi, ahlaki, hukuki sorumluluklar\u0131d\u0131r. Bu sorumluluktan sokak g\u00f6sterileri ile ka\u00e7mak m\u00fcmk\u00fcn de\u011fildir&#8221;<br \/><\/p>\n","protected":false},"excerpt":{"rendered":"<p>AK Parti Manisa Milletvekili Murat Baybatur, &#8220;\u0130stanbul B\u00fcy\u00fck\u015fehir Belediye Ba\u015fkan\u0131 Ekrem \u0130mamo\u011flu ve baz\u0131 b\u00fcrokratlar\u0131n\u0131n g\u00f6zalt\u0131na al\u0131nmas\u0131yla ba\u015flayan s\u00fcre\u00e7, CHP\u2019liler ve CHP Medyas\u0131n\u0131n \u00e7arp\u0131tmalar\u0131yla tamamen ba\u015fka bir hal almaya ba\u015flam\u0131\u015ft\u0131r&#8221; dedi. AK Parti Manisa Milletvekili Murat Baybatur, \u0130stanbul Belediye Ba\u015fkan\u0131 Ekrem \u0130mamo\u011flu\u2019nun g\u00f6zalt\u0131na al\u0131nmas\u0131 sonras\u0131nda ya\u015fananlara ili\u015fkin yaz\u0131l\u0131 a\u00e7\u0131klamalarda bulundu. Baybatur yapt\u0131\u011f\u0131 a\u00e7\u0131klamada &#8220;Sokaklar\u0131 ter\u00f6rize&#8230;<\/p>\n","protected":false},"author":1,"featured_media":25929,"comment_status":"open","ping_status":"open","sticky":false,"template":"","format":"standard","meta":{"_crdt_document":"","footnotes":""},"categories":[127],"tags":[],"class_list":["post-25928","post","type-post","status-publish","format-standard","has-post-thumbnail","hentry","category-siyaset"],"_links":{"self":[{"href":"https:\/\/www.egemtv.com\/index.php?rest_route=\/wp\/v2\/posts\/25928","targetHints":{"allow":["GET"]}}],"collection":[{"href":"https:\/\/www.egemtv.com\/index.php?rest_route=\/wp\/v2\/posts"}],"about":[{"href":"https:\/\/www.egemtv.com\/index.php?rest_route=\/wp\/v2\/types\/post"}],"author":[{"embeddable":true,"href":"https:\/\/www.egemtv.com\/index.php?rest_route=\/wp\/v2\/users\/1"}],"replies":[{"embeddable":true,"href":"https:\/\/www.egemtv.com\/index.php?rest_route=%2Fwp%2Fv2%2Fcomments&post=25928"}],"version-history":[{"count":1,"href":"https:\/\/www.egemtv.com\/index.php?rest_route=\/wp\/v2\/posts\/25928\/revisions"}],"predecessor-version":[{"id":25930,"href":"https:\/\/www.egemtv.com\/index.php?rest_route=\/wp\/v2\/posts\/25928\/revisions\/25930"}],"wp:featuredmedia":[{"embeddable":true,"href":"https:\/\/www.egemtv.com\/index.php?rest_route=\/wp\/v2\/media\/25929"}],"wp:attachment":[{"href":"https:\/\/www.egemtv.com\/index.php?rest_route=%2Fwp%2Fv2%2Fmedia&parent=25928"}],"wp:term":[{"taxonomy":"category","embeddable":true,"href":"https:\/\/www.egemtv.com\/index.php?rest_route=%2Fwp%2Fv2%2Fcategories&post=25928"},{"taxonomy":"post_tag","embeddable":true,"href":"https:\/\/www.egemtv.com\/index.php?rest_route=%2Fwp%2Fv2%2Ftags&post=25928"}],"curies":[{"name":"wp","href":"https:\/\/api.w.org\/{rel}","templated":true}]}}