{"id":25925,"date":"2025-03-22T15:04:59","date_gmt":"2025-03-22T12:04:59","guid":{"rendered":"https:\/\/www.egemtv.com\/?p=25925"},"modified":"2025-03-22T15:05:04","modified_gmt":"2025-03-22T12:05:04","slug":"germencikte-ramazan-etkinlikleri-suruyor","status":"publish","type":"post","link":"https:\/\/www.egemtv.com\/?p=25925","title":{"rendered":"Germencik\u2019te Ramazan etkinlikleri s\u00fcr\u00fcyor"},"content":{"rendered":"<p>Germencik Belediyesi taraf\u0131ndan d\u00fczenlenen Ramazan etkinlikleri kapsam\u0131nda Karag\u00f6z\u2019\u00fcn Cehaleti isimli tiyatro oyunu vatanda\u015flarla bulu\u015ftu.<br \/>\n<br \/>Ramazan ay\u0131 boyunca Germencik Belediyesi taraf\u0131ndan ger\u00e7ekle\u015ftirilen etkinlikler aral\u0131ks\u0131z s\u00fcr\u00fcyor. Bu \u00e7er\u00e7evede Zafer Kaya taraf\u0131ndan derlenen ve y\u00f6netilen Geleneksel T\u00fcrk Tiyatrosu eserlerinden Karag\u00f6z\u2019\u00fcn Cehaleti isimli tiyatro oyunu Germencikli vatanda\u015flarla bulu\u015ftu. Sinema oyuncusu G\u00fclnihal Demir, Nuri Yi\u011fit ve Mert \u00d6zk\u0131l\u0131\u00e7 taraf\u0131ndan Prof. Dr. Oktay Sinano\u011flu Konferans Salonu\u2019nda sahnelenen oyuna, vatanda\u015flar\u0131n ilgisi yo\u011fun olurken, izleyenler unutulmaz bir ak\u015fam ya\u015fad\u0131. Etkinlik sonras\u0131nda Germencik Belediyesi\u2019nden yap\u0131lan payla\u015f\u0131mda &#8220;Ramazan etkinlerimiz \u00e7er\u00e7evesinde Karag\u00f6z\u2019\u00fcn Cehaleti adl\u0131 tiyatro oyununu halk\u0131m\u0131zla bulu\u015fturduk. Usta oyuncu G\u00fclnihal Demir ve t\u00fcm oyuncular\u0131m\u0131z ile tiyatroyu izlemek i\u00e7in salonu dolduran vatanda\u015flar\u0131m\u0131za te\u015fekk\u00fcr ediyor, keyifli nice etkinliklerde bulu\u015fmay\u0131 diliyoruz&#8221; ifadeleri yer ald\u0131.<br \/><\/p>\n","protected":false},"excerpt":{"rendered":"<p>Germencik Belediyesi taraf\u0131ndan d\u00fczenlenen Ramazan etkinlikleri kapsam\u0131nda Karag\u00f6z\u2019\u00fcn Cehaleti isimli tiyatro oyunu vatanda\u015flarla bulu\u015ftu. Ramazan ay\u0131 boyunca Germencik Belediyesi taraf\u0131ndan ger\u00e7ekle\u015ftirilen etkinlikler aral\u0131ks\u0131z s\u00fcr\u00fcyor. Bu \u00e7er\u00e7evede Zafer Kaya taraf\u0131ndan derlenen ve y\u00f6netilen Geleneksel T\u00fcrk Tiyatrosu eserlerinden Karag\u00f6z\u2019\u00fcn Cehaleti isimli tiyatro oyunu Germencikli vatanda\u015flarla bulu\u015ftu. Sinema oyuncusu G\u00fclnihal Demir, Nuri Yi\u011fit ve Mert \u00d6zk\u0131l\u0131\u00e7 taraf\u0131ndan Prof&#8230;.<\/p>\n","protected":false},"author":1,"featured_media":25926,"comment_status":"open","ping_status":"open","sticky":false,"template":"","format":"standard","meta":{"_crdt_document":"","footnotes":""},"categories":[1],"tags":[],"class_list":["post-25925","post","type-post","status-publish","format-standard","has-post-thumbnail","hentry","category-guncel"],"_links":{"self":[{"href":"https:\/\/www.egemtv.com\/index.php?rest_route=\/wp\/v2\/posts\/25925","targetHints":{"allow":["GET"]}}],"collection":[{"href":"https:\/\/www.egemtv.com\/index.php?rest_route=\/wp\/v2\/posts"}],"about":[{"href":"https:\/\/www.egemtv.com\/index.php?rest_route=\/wp\/v2\/types\/post"}],"author":[{"embeddable":true,"href":"https:\/\/www.egemtv.com\/index.php?rest_route=\/wp\/v2\/users\/1"}],"replies":[{"embeddable":true,"href":"https:\/\/www.egemtv.com\/index.php?rest_route=%2Fwp%2Fv2%2Fcomments&post=25925"}],"version-history":[{"count":1,"href":"https:\/\/www.egemtv.com\/index.php?rest_route=\/wp\/v2\/posts\/25925\/revisions"}],"predecessor-version":[{"id":25927,"href":"https:\/\/www.egemtv.com\/index.php?rest_route=\/wp\/v2\/posts\/25925\/revisions\/25927"}],"wp:featuredmedia":[{"embeddable":true,"href":"https:\/\/www.egemtv.com\/index.php?rest_route=\/wp\/v2\/media\/25926"}],"wp:attachment":[{"href":"https:\/\/www.egemtv.com\/index.php?rest_route=%2Fwp%2Fv2%2Fmedia&parent=25925"}],"wp:term":[{"taxonomy":"category","embeddable":true,"href":"https:\/\/www.egemtv.com\/index.php?rest_route=%2Fwp%2Fv2%2Fcategories&post=25925"},{"taxonomy":"post_tag","embeddable":true,"href":"https:\/\/www.egemtv.com\/index.php?rest_route=%2Fwp%2Fv2%2Ftags&post=25925"}],"curies":[{"name":"wp","href":"https:\/\/api.w.org\/{rel}","templated":true}]}}