{"id":25922,"date":"2025-03-22T14:45:02","date_gmt":"2025-03-22T11:45:02","guid":{"rendered":"https:\/\/www.egemtv.com\/?p=25922"},"modified":"2025-03-22T14:45:07","modified_gmt":"2025-03-22T11:45:07","slug":"aydinda-berberler-kuaforler-ve-guzellik-salonlari-tam-kapasiteyle-hizmet-verecek","status":"publish","type":"post","link":"https:\/\/www.egemtv.com\/?p=25922","title":{"rendered":"Ayd\u0131n\u2019da berberler, kuaf\u00f6rler ve g\u00fczellik salonlar\u0131 tam kapasiteyle hizmet verecek"},"content":{"rendered":"<p>Yakla\u015fan Ramazan Bayram\u0131 \u00f6ncesinde berber, kuaf\u00f6r ve g\u00fczellik salonlar\u0131nda yo\u011funluk ya\u015fan\u0131rken, salonlar Ayd\u0131n\u2019da tam kapasite hizmet verecek.<br \/>\n<br \/>Ayd\u0131n\u2019da Ramazan Bayram\u0131 \u00f6ncesinde vatanda\u015flar\u0131n yo\u011funlu\u011funu kar\u015f\u0131lamak amac\u0131yla berberler, kuaf\u00f6rler ve g\u00fczellik salonlar\u0131 tam kapasiteyle hizmet verecek. Normalde tatil g\u00fcnleri olan Pazar ve Sal\u0131 g\u00fcnlerinde de \u00e7al\u0131\u015facak olan esnaf, gece ge\u00e7 saatlere kadar mesai yaparak vatanda\u015flar\u0131n bayram haz\u0131rl\u0131klar\u0131n\u0131 eksiksiz tamamlamalar\u0131n\u0131 sa\u011flayacak.<br \/>\n<br \/>Ayd\u0131n Berberler, Kuaf\u00f6rler ve G\u00fczellik Salonlar\u0131 Esnaf Odas\u0131 Ba\u015fkan\u0131 Serhan Av\u015far, bayram \u00f6ncesinde sa\u00e7 ve bak\u0131m hizmetlerine olan talebin artt\u0131\u011f\u0131n\u0131 belirterek, &#8220;\u00d6zellikle son g\u00fcnlerde b\u00fcy\u00fck bir yo\u011funluk ya\u015fan\u0131yor. Esnaf\u0131m\u0131z, vatanda\u015flar\u0131m\u0131z\u0131n ma\u011fdur olmamas\u0131 i\u00e7in tatil yapmadan, ge\u00e7 saatlere kadar hizmet vermeye devam edecek. Pazar ve Sal\u0131 g\u00fcnleri normalde tatil olmas\u0131na ra\u011fmen, t\u00fcm salonlar\u0131m\u0131z a\u00e7\u0131k olacak. Ayr\u0131ca son g\u00fcnlere kal\u0131nmamas\u0131 i\u00e7in randevular\u0131n \u00f6nceden al\u0131nmas\u0131 \u00f6nemli. Bayram\u0131n keyfini en g\u00fczel \u015fekilde ya\u015famak i\u00e7in herkesi planl\u0131 olmaya davet ediyoruz&#8221;diyekonu\u015ftu.<br \/><\/p>\n","protected":false},"excerpt":{"rendered":"<p>Yakla\u015fan Ramazan Bayram\u0131 \u00f6ncesinde berber, kuaf\u00f6r ve g\u00fczellik salonlar\u0131nda yo\u011funluk ya\u015fan\u0131rken, salonlar Ayd\u0131n\u2019da tam kapasite hizmet verecek. Ayd\u0131n\u2019da Ramazan Bayram\u0131 \u00f6ncesinde vatanda\u015flar\u0131n yo\u011funlu\u011funu kar\u015f\u0131lamak amac\u0131yla berberler, kuaf\u00f6rler ve g\u00fczellik salonlar\u0131 tam kapasiteyle hizmet verecek. Normalde tatil g\u00fcnleri olan Pazar ve Sal\u0131 g\u00fcnlerinde de \u00e7al\u0131\u015facak olan esnaf, gece ge\u00e7 saatlere kadar mesai yaparak vatanda\u015flar\u0131n bayram haz\u0131rl\u0131klar\u0131n\u0131&#8230;<\/p>\n","protected":false},"author":1,"featured_media":25923,"comment_status":"open","ping_status":"open","sticky":false,"template":"","format":"standard","meta":{"_crdt_document":"","footnotes":""},"categories":[1],"tags":[],"class_list":["post-25922","post","type-post","status-publish","format-standard","has-post-thumbnail","hentry","category-guncel"],"_links":{"self":[{"href":"https:\/\/www.egemtv.com\/index.php?rest_route=\/wp\/v2\/posts\/25922","targetHints":{"allow":["GET"]}}],"collection":[{"href":"https:\/\/www.egemtv.com\/index.php?rest_route=\/wp\/v2\/posts"}],"about":[{"href":"https:\/\/www.egemtv.com\/index.php?rest_route=\/wp\/v2\/types\/post"}],"author":[{"embeddable":true,"href":"https:\/\/www.egemtv.com\/index.php?rest_route=\/wp\/v2\/users\/1"}],"replies":[{"embeddable":true,"href":"https:\/\/www.egemtv.com\/index.php?rest_route=%2Fwp%2Fv2%2Fcomments&post=25922"}],"version-history":[{"count":1,"href":"https:\/\/www.egemtv.com\/index.php?rest_route=\/wp\/v2\/posts\/25922\/revisions"}],"predecessor-version":[{"id":25924,"href":"https:\/\/www.egemtv.com\/index.php?rest_route=\/wp\/v2\/posts\/25922\/revisions\/25924"}],"wp:featuredmedia":[{"embeddable":true,"href":"https:\/\/www.egemtv.com\/index.php?rest_route=\/wp\/v2\/media\/25923"}],"wp:attachment":[{"href":"https:\/\/www.egemtv.com\/index.php?rest_route=%2Fwp%2Fv2%2Fmedia&parent=25922"}],"wp:term":[{"taxonomy":"category","embeddable":true,"href":"https:\/\/www.egemtv.com\/index.php?rest_route=%2Fwp%2Fv2%2Fcategories&post=25922"},{"taxonomy":"post_tag","embeddable":true,"href":"https:\/\/www.egemtv.com\/index.php?rest_route=%2Fwp%2Fv2%2Ftags&post=25922"}],"curies":[{"name":"wp","href":"https:\/\/api.w.org\/{rel}","templated":true}]}}