{"id":25919,"date":"2025-03-22T14:44:58","date_gmt":"2025-03-22T11:44:58","guid":{"rendered":"https:\/\/www.egemtv.com\/?p=25919"},"modified":"2025-03-22T14:45:02","modified_gmt":"2025-03-22T11:45:02","slug":"mhpli-sahin-kimse-dokunulmaz-degildir","status":"publish","type":"post","link":"https:\/\/www.egemtv.com\/?p=25919","title":{"rendered":"MHP\u2019li \u015eahin: &#8220;Kimse dokunulmaz de\u011fildir&#8221;"},"content":{"rendered":"<p>Milliyet\u00e7i Hareket Partisi (MHP) \u0130zmir \u0130l Ba\u015fkanl\u0131\u011f\u0131n\u0131n d\u00fczenledi\u011fi geleneksel iftar yeme\u011fi program\u0131nda konu\u015fan \u0130l Ba\u015fkan\u0131 Veysel \u015eahin, &#8220;Hukuka sayg\u0131l\u0131y\u0131z. Adalete g\u00fcveniyoruz. Ya\u015fananlara b\u00f6yle bak\u0131yoruz. Bizim bu konuda tavr\u0131m\u0131z nettir; T\u00fcrk yarg\u0131s\u0131na g\u00fcvenimiz sonsuzdur. Hi\u00e7 kimse dokunulmaz, ula\u015f\u0131lmaz ve eri\u015filmez de\u011fildir. Hi\u00e7 kimsenin su\u00e7 i\u015fleme \u00f6zg\u00fcrl\u00fc\u011f\u00fc yoktur. Hi\u00e7 kimse se\u00e7ildim diye bu \u00fclkede ars\u0131zl\u0131k yapma, h\u0131rs\u0131zl\u0131k yapma ve yolsuzluk yapma hakk\u0131na sahip de\u011fildir&#8221; ifadelerini kulland\u0131.<br \/>\n<br \/>MHP \u0130zmir \u0130l Ba\u015fkanl\u0131\u011f\u0131n\u0131n tertip etti\u011fi Geleneksel \u0130ftar Program\u0131 Cumhur \u0130ttifak\u0131 bulu\u015fmas\u0131na sahne oldu. Programda, MHP ve AK Parti milletvekilleri, Belediye Ba\u015fkanlar\u0131, \u00fcniversitelerin temsilcileri, STK ba\u015fkan ve temsilcileri, sendikalar ve \u00dclk\u00fc Ocakl\u0131lar ile birlikte 2 bin MHP\u2019li yer ald\u0131. MHP \u0130zmir\u2019in \u0130l Y\u00f6netim Kurulu \u00fcyelerinin, 30 il\u00e7e te\u015fkilat\u0131 y\u00f6neticilerinin, Belediye Meclis \u00dcyelerinin, \u00dclk\u00fc Ocaklar\u0131\u2019n\u0131n ve T\u00fcrkiye Kamu \u00c7al\u0131\u015fanlar\u0131 Vakf\u0131 \u015eube Ba\u015fkanlar\u0131n\u0131n t\u00fcm kadrolar\u0131yla kat\u0131ld\u0131\u011f\u0131 iftar yeme\u011fine AK Parti Genel Sekreteri ve \u0130zmir Milletvekili Eyy\u00fcp Kadir \u0130nan, AK Parti \u0130zmir Milletvekili Ya\u015far K\u0131rkp\u0131nar, \u0130l Ba\u015fkan\u0131 Bilal Sayg\u0131l\u0131, Menemen Belediye Ba\u015fkan\u0131 Ayd\u0131n Pehlivan da davetliler aras\u0131ndayd\u0131. MHP \u0130zmir Milletvekili ve Genel Sekreter Yard\u0131mc\u0131s\u0131 Tamer Osmana\u011fao\u011flu, MHP\u2019nin \u00fc\u00e7 d\u00f6nemdir se\u00e7im kazand\u0131\u011f\u0131 Alia\u011fa\u2019da Belediye Ba\u015fkanl\u0131\u011f\u0131n\u0131 y\u00fcr\u00fcten Serkan Acar da programda yerini ald\u0131. MHP \u0130zmir\u2019in Geleneksel \u0130ftar Program\u0131na EBSO Ba\u015fkan Vekili Hakan \u00dcr\u00fcn, Ticaret Borsas\u0131 Meclis Ba\u015fkan\u0131 \u00d6mer G\u00f6khan Tuncer, Ba\u015fkan Yard\u0131mc\u0131s\u0131 Ercan Korkmaz, \u0130zmir Esnaf ve Sanatkarlar Odalar\u0131 Birli\u011fi Ba\u015fkan\u0131 Yal\u00e7\u0131n Ata ve y\u00f6neticileri ile birlikte \u00e7ok say\u0131da \u00fcst d\u00fczey protokol kat\u0131ld\u0131.<\/p>\n<p>&#8220;Kimsenin su\u00e7 i\u015fleme \u00f6zg\u00fcrl\u00fc\u011f\u00fc yok&#8221;<br \/>\n<br \/>\u0130ftar program\u0131n\u0131n a\u00e7\u0131l\u0131\u015f konu\u015fmas\u0131n\u0131 yapan MHP \u0130zmir \u0130l Ba\u015fkan\u0131 Veysel \u015eahin, ya\u015fanan \u0130mamo\u011flu ve \u0130stanbul B\u00fcy\u00fck\u015fehir Belediyesi soru\u015fturmas\u0131 ile ilgili olarak, &#8220;Bizim bu konuda tavr\u0131m\u0131z nettir; T\u00fcrk yarg\u0131s\u0131na g\u00fcvenimiz sonsuzdur. Hi\u00e7 kimse dokunulmaz, ula\u015f\u0131lmaz ve eri\u015filmez de\u011fildir. Hi\u00e7 kimsenin su\u00e7 i\u015fleme \u00f6zg\u00fcrl\u00fc\u011f\u00fc yoktur. Hi\u00e7 kimse se\u00e7ildim diye bu \u00fclkede ars\u0131zl\u0131k yapma, h\u0131rs\u0131zl\u0131k yapma ve yolsuzluk yapma hakk\u0131na sahip de\u011fildir&#8221; ifadelerini kulland\u0131.<\/p>\n<p>&#8220;CHP devlet vadetti, ABD \u00f6zg\u00fcrl\u00fck&#8221;<br \/>\n<br \/>MHP \u0130l Ba\u015fkan\u0131 \u015eahin, &#8220;ABD\u2019nin K\u00fcrt karde\u015flerimizi bizden koparmak i\u00e7in \u00f6zg\u00fcrl\u00fck vadediyorum dedi\u011fi ve CHP\u2019li \u00d6zg\u00fcr \u00d6zel\u2019in devlet vadediyorum dedi\u011fi d\u00f6nemde liderimizin ba\u015flatt\u0131\u011f\u0131, \u2019Ter\u00f6rs\u00fcz T\u00fcrkiye\u2019 projesi karde\u015fli\u011fimiz ve birli\u011fimiz a\u00e7\u0131s\u0131ndan b\u00fcy\u00fck bir ad\u0131m olmu\u015ftur. Liderimiz Devlet Bah\u00e7eli Beyefendi; \u2019S\u00fcre\u00e7 yok! M\u00fczakere yok! Demokratik d\u00f6n\u00fc\u015f\u00fcm yok! A\u00e7\u0131l\u0131m yok! Hapisteki ter\u00f6ristler, Kandil\u2019deki katiller \u00fczerinde oyun kurmak yok! Kay\u0131ts\u0131z \u015farts\u0131z \u00f6rg\u00fct\u00fcn la\u011fvedilmesi, ya silahlar g\u00f6m\u00fclecek ya da silahlar\u0131yla birlikte g\u00f6m\u00fclecek\u2019 diyerek sars\u0131lmaz bir irade ortaya koymas\u0131 b\u00fcy\u00fck T\u00fcrk Devleti ad\u0131na b\u00fcy\u00fck bir ad\u0131m olmu\u015ftur&#8221; dedi.<br \/><\/p>\n","protected":false},"excerpt":{"rendered":"<p>Milliyet\u00e7i Hareket Partisi (MHP) \u0130zmir \u0130l Ba\u015fkanl\u0131\u011f\u0131n\u0131n d\u00fczenledi\u011fi geleneksel iftar yeme\u011fi program\u0131nda konu\u015fan \u0130l Ba\u015fkan\u0131 Veysel \u015eahin, &#8220;Hukuka sayg\u0131l\u0131y\u0131z. Adalete g\u00fcveniyoruz. Ya\u015fananlara b\u00f6yle bak\u0131yoruz. Bizim bu konuda tavr\u0131m\u0131z nettir; T\u00fcrk yarg\u0131s\u0131na g\u00fcvenimiz sonsuzdur. Hi\u00e7 kimse dokunulmaz, ula\u015f\u0131lmaz ve eri\u015filmez de\u011fildir. Hi\u00e7 kimsenin su\u00e7 i\u015fleme \u00f6zg\u00fcrl\u00fc\u011f\u00fc yoktur. Hi\u00e7 kimse se\u00e7ildim diye bu \u00fclkede ars\u0131zl\u0131k yapma, h\u0131rs\u0131zl\u0131k&#8230;<\/p>\n","protected":false},"author":1,"featured_media":25920,"comment_status":"open","ping_status":"open","sticky":false,"template":"","format":"standard","meta":{"_crdt_document":"","footnotes":""},"categories":[127],"tags":[],"class_list":["post-25919","post","type-post","status-publish","format-standard","has-post-thumbnail","hentry","category-siyaset"],"_links":{"self":[{"href":"https:\/\/www.egemtv.com\/index.php?rest_route=\/wp\/v2\/posts\/25919","targetHints":{"allow":["GET"]}}],"collection":[{"href":"https:\/\/www.egemtv.com\/index.php?rest_route=\/wp\/v2\/posts"}],"about":[{"href":"https:\/\/www.egemtv.com\/index.php?rest_route=\/wp\/v2\/types\/post"}],"author":[{"embeddable":true,"href":"https:\/\/www.egemtv.com\/index.php?rest_route=\/wp\/v2\/users\/1"}],"replies":[{"embeddable":true,"href":"https:\/\/www.egemtv.com\/index.php?rest_route=%2Fwp%2Fv2%2Fcomments&post=25919"}],"version-history":[{"count":1,"href":"https:\/\/www.egemtv.com\/index.php?rest_route=\/wp\/v2\/posts\/25919\/revisions"}],"predecessor-version":[{"id":25921,"href":"https:\/\/www.egemtv.com\/index.php?rest_route=\/wp\/v2\/posts\/25919\/revisions\/25921"}],"wp:featuredmedia":[{"embeddable":true,"href":"https:\/\/www.egemtv.com\/index.php?rest_route=\/wp\/v2\/media\/25920"}],"wp:attachment":[{"href":"https:\/\/www.egemtv.com\/index.php?rest_route=%2Fwp%2Fv2%2Fmedia&parent=25919"}],"wp:term":[{"taxonomy":"category","embeddable":true,"href":"https:\/\/www.egemtv.com\/index.php?rest_route=%2Fwp%2Fv2%2Fcategories&post=25919"},{"taxonomy":"post_tag","embeddable":true,"href":"https:\/\/www.egemtv.com\/index.php?rest_route=%2Fwp%2Fv2%2Ftags&post=25919"}],"curies":[{"name":"wp","href":"https:\/\/api.w.org\/{rel}","templated":true}]}}