{"id":25916,"date":"2025-03-22T14:44:55","date_gmt":"2025-03-22T11:44:55","guid":{"rendered":"https:\/\/www.egemtv.com\/?p=25916"},"modified":"2025-03-22T14:44:58","modified_gmt":"2025-03-22T11:44:58","slug":"ishak-gazel-ak-parti-genel-merkez-secim-isleri-baskan-yardimciligi-gorevine-atandi","status":"publish","type":"post","link":"https:\/\/www.egemtv.com\/?p=25916","title":{"rendered":"\u0130shak Gazel, AK Parti Genel Merkez Se\u00e7im \u0130\u015fleri Ba\u015fkan Yard\u0131mc\u0131l\u0131\u011f\u0131 g\u00f6revine atand\u0131"},"content":{"rendered":"<p>AK Parti \u00f6nceki d\u00f6nem K\u00fctahya Milletvekili \u0130shak Gazel, Genel Merkez Se\u00e7im \u0130\u015fleri Ba\u015fkan Yard\u0131mc\u0131l\u0131\u011f\u0131 g\u00f6revine getirildi.<br \/>\n<br \/>Cumhurba\u015fkan\u0131 ve AK Parti Genel Ba\u015fkan\u0131 Recep Tayyip Erdo\u011fan\u2019\u0131n onay\u0131yla, parti t\u00fcz\u00fc\u011f\u00fcn\u00fcn 79. maddesi kapsam\u0131nda yap\u0131lan atamalarla, K\u00fctahya eski Milletvekili \u0130shak Gazel\u2019in yan\u0131 s\u0131ra Bursa Milletvekili Hakan \u00c7avu\u015fo\u011flu, \u0130zmir Milletvekili Mahmut Atilla Kaya, Manisa Milletvekili Mehmet Ali \u00d6zkan, \u00c7orum Milletvekili O\u011fuzhan Kaya ve Isparta Milletvekili Recep \u00d6zel de Genel Merkez Se\u00e7im \u0130\u015fleri Ba\u015fkan Yard\u0131mc\u0131l\u0131\u011f\u0131 g\u00f6revine getirildi.<br \/>\n<br \/>Avukat \u0130shak Gazel, AK Parti\u2019den 25., 26. ve 27. d\u00f6nem K\u00fctahya milletvekili olarak g\u00f6rev yapm\u0131\u015ft\u0131.<br \/><\/p>\n","protected":false},"excerpt":{"rendered":"<p>AK Parti \u00f6nceki d\u00f6nem K\u00fctahya Milletvekili \u0130shak Gazel, Genel Merkez Se\u00e7im \u0130\u015fleri Ba\u015fkan Yard\u0131mc\u0131l\u0131\u011f\u0131 g\u00f6revine getirildi. Cumhurba\u015fkan\u0131 ve AK Parti Genel Ba\u015fkan\u0131 Recep Tayyip Erdo\u011fan\u2019\u0131n onay\u0131yla, parti t\u00fcz\u00fc\u011f\u00fcn\u00fcn 79. maddesi kapsam\u0131nda yap\u0131lan atamalarla, K\u00fctahya eski Milletvekili \u0130shak Gazel\u2019in yan\u0131 s\u0131ra Bursa Milletvekili Hakan \u00c7avu\u015fo\u011flu, \u0130zmir Milletvekili Mahmut Atilla Kaya, Manisa Milletvekili Mehmet Ali \u00d6zkan, \u00c7orum&#8230;<\/p>\n","protected":false},"author":1,"featured_media":25917,"comment_status":"open","ping_status":"open","sticky":false,"template":"","format":"standard","meta":{"_crdt_document":"","footnotes":""},"categories":[127],"tags":[],"class_list":["post-25916","post","type-post","status-publish","format-standard","has-post-thumbnail","hentry","category-siyaset"],"_links":{"self":[{"href":"https:\/\/www.egemtv.com\/index.php?rest_route=\/wp\/v2\/posts\/25916","targetHints":{"allow":["GET"]}}],"collection":[{"href":"https:\/\/www.egemtv.com\/index.php?rest_route=\/wp\/v2\/posts"}],"about":[{"href":"https:\/\/www.egemtv.com\/index.php?rest_route=\/wp\/v2\/types\/post"}],"author":[{"embeddable":true,"href":"https:\/\/www.egemtv.com\/index.php?rest_route=\/wp\/v2\/users\/1"}],"replies":[{"embeddable":true,"href":"https:\/\/www.egemtv.com\/index.php?rest_route=%2Fwp%2Fv2%2Fcomments&post=25916"}],"version-history":[{"count":1,"href":"https:\/\/www.egemtv.com\/index.php?rest_route=\/wp\/v2\/posts\/25916\/revisions"}],"predecessor-version":[{"id":25918,"href":"https:\/\/www.egemtv.com\/index.php?rest_route=\/wp\/v2\/posts\/25916\/revisions\/25918"}],"wp:featuredmedia":[{"embeddable":true,"href":"https:\/\/www.egemtv.com\/index.php?rest_route=\/wp\/v2\/media\/25917"}],"wp:attachment":[{"href":"https:\/\/www.egemtv.com\/index.php?rest_route=%2Fwp%2Fv2%2Fmedia&parent=25916"}],"wp:term":[{"taxonomy":"category","embeddable":true,"href":"https:\/\/www.egemtv.com\/index.php?rest_route=%2Fwp%2Fv2%2Fcategories&post=25916"},{"taxonomy":"post_tag","embeddable":true,"href":"https:\/\/www.egemtv.com\/index.php?rest_route=%2Fwp%2Fv2%2Ftags&post=25916"}],"curies":[{"name":"wp","href":"https:\/\/api.w.org\/{rel}","templated":true}]}}