{"id":25913,"date":"2025-03-22T14:26:33","date_gmt":"2025-03-22T11:26:33","guid":{"rendered":"https:\/\/www.egemtv.com\/?p=25913"},"modified":"2025-03-22T14:26:39","modified_gmt":"2025-03-22T11:26:39","slug":"calilik-yangininda-500-metrekare-alan-zarar-gordu","status":"publish","type":"post","link":"https:\/\/www.egemtv.com\/?p=25913","title":{"rendered":"\u00c7al\u0131l\u0131k yang\u0131n\u0131nda 500 metrekare alan zarar g\u00f6rd\u00fc"},"content":{"rendered":"<p>Mu\u011fla\u2019n\u0131n Mente\u015fe il\u00e7esinde \u00e7\u0131kan \u00e7al\u0131l\u0131k yang\u0131n\u0131 ekiplerin h\u0131zl\u0131 m\u00fcdahalesiyle b\u00fcy\u00fcmeden s\u00f6nd\u00fcr\u00fcl\u00fcrken, yang\u0131nda 500 metrekare alan zarar g\u00f6rd\u00fc.<br \/>\n<br \/>Yang\u0131n, Mente\u015fe il\u00e7esi Kafaca Mahallesi\u2019nde meydana geldi. Edinilen bilgiye g\u00f6re \u00e7al\u0131l\u0131k alanda hen\u00fcz bilinmeyen bir nedenle yang\u0131n \u00e7\u0131kt\u0131. Dumanlar\u0131 fark eden vatanda\u015flar durumu 112 Acil \u00c7a\u011fr\u0131 Merkezi\u2019ne bildirdi. \u0130hbar \u00fczerine b\u00f6lgeye itfaiye ekipleri sevk edildi. K\u0131sa s\u00fcrede b\u00f6lgeye gelen ekipler, alevlere m\u00fcdahale etti. Yang\u0131n b\u00fcy\u00fcmeden s\u00f6nd\u00fcr\u00fcl\u00fcrken, ekipler so\u011futma \u00e7al\u0131\u015fmas\u0131 ger\u00e7ekle\u015ftirdi. Yang\u0131n\u0131n \u00e7\u0131k\u0131\u015f nedeninin belirlenmesi i\u00e7in inceleme ba\u015flat\u0131l\u0131rken, yang\u0131nda 500 metrekarelik \u00e7al\u0131l\u0131k alan ve i\u00e7erisinde 10 \u00e7am a\u011fac\u0131 ile 3 zeytin a\u011fac\u0131 zararg\u00f6rd\u00fc.<br \/><\/p>\n","protected":false},"excerpt":{"rendered":"<p>Mu\u011fla\u2019n\u0131n Mente\u015fe il\u00e7esinde \u00e7\u0131kan \u00e7al\u0131l\u0131k yang\u0131n\u0131 ekiplerin h\u0131zl\u0131 m\u00fcdahalesiyle b\u00fcy\u00fcmeden s\u00f6nd\u00fcr\u00fcl\u00fcrken, yang\u0131nda 500 metrekare alan zarar g\u00f6rd\u00fc. Yang\u0131n, Mente\u015fe il\u00e7esi Kafaca Mahallesi\u2019nde meydana geldi. Edinilen bilgiye g\u00f6re \u00e7al\u0131l\u0131k alanda hen\u00fcz bilinmeyen bir nedenle yang\u0131n \u00e7\u0131kt\u0131. Dumanlar\u0131 fark eden vatanda\u015flar durumu 112 Acil \u00c7a\u011fr\u0131 Merkezi\u2019ne bildirdi. \u0130hbar \u00fczerine b\u00f6lgeye itfaiye ekipleri sevk edildi. K\u0131sa s\u00fcrede b\u00f6lgeye&#8230;<\/p>\n","protected":false},"author":1,"featured_media":25914,"comment_status":"open","ping_status":"open","sticky":false,"template":"","format":"standard","meta":{"_crdt_document":"","footnotes":""},"categories":[5],"tags":[],"class_list":["post-25913","post","type-post","status-publish","format-standard","has-post-thumbnail","hentry","category-asayis"],"_links":{"self":[{"href":"https:\/\/www.egemtv.com\/index.php?rest_route=\/wp\/v2\/posts\/25913","targetHints":{"allow":["GET"]}}],"collection":[{"href":"https:\/\/www.egemtv.com\/index.php?rest_route=\/wp\/v2\/posts"}],"about":[{"href":"https:\/\/www.egemtv.com\/index.php?rest_route=\/wp\/v2\/types\/post"}],"author":[{"embeddable":true,"href":"https:\/\/www.egemtv.com\/index.php?rest_route=\/wp\/v2\/users\/1"}],"replies":[{"embeddable":true,"href":"https:\/\/www.egemtv.com\/index.php?rest_route=%2Fwp%2Fv2%2Fcomments&post=25913"}],"version-history":[{"count":1,"href":"https:\/\/www.egemtv.com\/index.php?rest_route=\/wp\/v2\/posts\/25913\/revisions"}],"predecessor-version":[{"id":25915,"href":"https:\/\/www.egemtv.com\/index.php?rest_route=\/wp\/v2\/posts\/25913\/revisions\/25915"}],"wp:featuredmedia":[{"embeddable":true,"href":"https:\/\/www.egemtv.com\/index.php?rest_route=\/wp\/v2\/media\/25914"}],"wp:attachment":[{"href":"https:\/\/www.egemtv.com\/index.php?rest_route=%2Fwp%2Fv2%2Fmedia&parent=25913"}],"wp:term":[{"taxonomy":"category","embeddable":true,"href":"https:\/\/www.egemtv.com\/index.php?rest_route=%2Fwp%2Fv2%2Fcategories&post=25913"},{"taxonomy":"post_tag","embeddable":true,"href":"https:\/\/www.egemtv.com\/index.php?rest_route=%2Fwp%2Fv2%2Ftags&post=25913"}],"curies":[{"name":"wp","href":"https:\/\/api.w.org\/{rel}","templated":true}]}}