{"id":25910,"date":"2025-03-22T14:26:29","date_gmt":"2025-03-22T11:26:29","guid":{"rendered":"https:\/\/www.egemtv.com\/?p=25910"},"modified":"2025-03-22T14:26:33","modified_gmt":"2025-03-22T11:26:33","slug":"manisa-bbsk-u18-takimi-down-sendromlu-bireylerle-bir-araya-geldi","status":"publish","type":"post","link":"https:\/\/www.egemtv.com\/?p=25910","title":{"rendered":"Manisa BBSK U18 Tak\u0131m\u0131, down sendromlu bireylerle bir araya geldi"},"content":{"rendered":"<p>Manisa B\u00fcy\u00fck\u015fehir Belediyespor Kul\u00fcb\u00fc U18 Basketbol Tak\u0131m\u0131, 21 Mart D\u00fcnya Down Sendromu G\u00fcn\u00fc\u2019nde ger\u00e7ekle\u015ftirdi\u011fi antrenmanda \u00f6zel misafirlerini a\u011f\u0131rlad\u0131. Tak\u0131m, down sendromlu bireyleri antrenmanda misafir ederek, onlara unutulmaz bir deneyim ya\u015fatt\u0131.<br \/>\n<br \/>Manisa BBSK\u2019n\u0131n sosyal sorumluluk \u00e7al\u0131\u015fmalar\u0131 kapsam\u0131nda d\u00fczenlenen etkinlikte, down sendromlu gen\u00e7ler U18 tak\u0131m\u0131yla birlikte antrenmana kat\u0131ld\u0131. D\u00fczenlenen anlaml\u0131 etkinlikte, Manisa B\u00fcy\u00fck\u015fehir Belediyesi Sosyal Projeler ve Gen\u00e7lik Spor \u015eube M\u00fcd\u00fcr\u00fc M\u00fcjde G\u00fcnderen, Manisa BBSK Y\u00f6netim Kurulu \u00dcyeleri Yusuf K\u00f6seli, Nabi Ba\u015fbay, Kadir Ayd\u0131n, Kul\u00fcp M\u00fcd\u00fcr\u00fc Alparslan Kaya da yer ald\u0131. Down sendromunun bir hastal\u0131k de\u011fil, genetik farkl\u0131l\u0131k oldu\u011funu vurgulayan ziyarette, down sendromlu bireyler basketbol oynad\u0131. Is\u0131nma hareketlerinden pas \u00e7al\u0131\u015fmalar\u0131na kadar pek \u00e7ok b\u00f6l\u00fcmde yer alan misafirler, basketbol dolu dakikalar ge\u00e7irdi. Oyuncular ve antren\u00f6rler taraf\u0131ndan b\u00fcy\u00fck bir sevgiyle kar\u015f\u0131lanan gen\u00e7ler, antrenman sonunda hat\u0131ra foto\u011fraf\u0131 \u00e7ektirmeyi de ihmal etmedi. Etkinlik, hem sporcular hem de misafir aileleri taraf\u0131ndan takdirle kar\u015f\u0131land\u0131.<br \/>\n<br \/>Manisa BBSK Y\u00f6netim Kurulu \u00dcyesi Yusuf K\u00f6seli, yapt\u0131\u011f\u0131 a\u00e7\u0131klamada, &#8220;Bug\u00fcn bizim i\u00e7in \u00e7ok anlaml\u0131yd\u0131. Sporun birle\u015ftirici g\u00fcc\u00fcyle down sendromlu bireylerle ayn\u0131 sahay\u0131 payla\u015fmak hem tak\u0131m\u0131m\u0131z hem de misafirlerimiz ad\u0131na \u00e7ok k\u0131ymetliydi. Bu etkinlikteki amac\u0131m\u0131z; down sendromunun san\u0131lan\u0131n aksine bir hastal\u0131k de\u011fil, genetik bir farkl\u0131l\u0131k oldu\u011funu bir kez daha vurgulamakt\u0131. Antrenman\u0131m\u0131za kat\u0131lan be\u015f gen\u00e7 karde\u015fimize bizleri ziyaret ettikleri i\u00e7in \u00e7ok te\u015fekk\u00fcr ediyoruz&#8221; ifadelerini kulland\u0131.<br \/><\/p>\n","protected":false},"excerpt":{"rendered":"<p>Manisa B\u00fcy\u00fck\u015fehir Belediyespor Kul\u00fcb\u00fc U18 Basketbol Tak\u0131m\u0131, 21 Mart D\u00fcnya Down Sendromu G\u00fcn\u00fc\u2019nde ger\u00e7ekle\u015ftirdi\u011fi antrenmanda \u00f6zel misafirlerini a\u011f\u0131rlad\u0131. Tak\u0131m, down sendromlu bireyleri antrenmanda misafir ederek, onlara unutulmaz bir deneyim ya\u015fatt\u0131. Manisa BBSK\u2019n\u0131n sosyal sorumluluk \u00e7al\u0131\u015fmalar\u0131 kapsam\u0131nda d\u00fczenlenen etkinlikte, down sendromlu gen\u00e7ler U18 tak\u0131m\u0131yla birlikte antrenmana kat\u0131ld\u0131. D\u00fczenlenen anlaml\u0131 etkinlikte, Manisa B\u00fcy\u00fck\u015fehir Belediyesi Sosyal Projeler ve&#8230;<\/p>\n","protected":false},"author":1,"featured_media":25911,"comment_status":"open","ping_status":"open","sticky":false,"template":"","format":"standard","meta":{"_crdt_document":"","footnotes":""},"categories":[4],"tags":[],"class_list":["post-25910","post","type-post","status-publish","format-standard","has-post-thumbnail","hentry","category-spor"],"_links":{"self":[{"href":"https:\/\/www.egemtv.com\/index.php?rest_route=\/wp\/v2\/posts\/25910","targetHints":{"allow":["GET"]}}],"collection":[{"href":"https:\/\/www.egemtv.com\/index.php?rest_route=\/wp\/v2\/posts"}],"about":[{"href":"https:\/\/www.egemtv.com\/index.php?rest_route=\/wp\/v2\/types\/post"}],"author":[{"embeddable":true,"href":"https:\/\/www.egemtv.com\/index.php?rest_route=\/wp\/v2\/users\/1"}],"replies":[{"embeddable":true,"href":"https:\/\/www.egemtv.com\/index.php?rest_route=%2Fwp%2Fv2%2Fcomments&post=25910"}],"version-history":[{"count":1,"href":"https:\/\/www.egemtv.com\/index.php?rest_route=\/wp\/v2\/posts\/25910\/revisions"}],"predecessor-version":[{"id":25912,"href":"https:\/\/www.egemtv.com\/index.php?rest_route=\/wp\/v2\/posts\/25910\/revisions\/25912"}],"wp:featuredmedia":[{"embeddable":true,"href":"https:\/\/www.egemtv.com\/index.php?rest_route=\/wp\/v2\/media\/25911"}],"wp:attachment":[{"href":"https:\/\/www.egemtv.com\/index.php?rest_route=%2Fwp%2Fv2%2Fmedia&parent=25910"}],"wp:term":[{"taxonomy":"category","embeddable":true,"href":"https:\/\/www.egemtv.com\/index.php?rest_route=%2Fwp%2Fv2%2Fcategories&post=25910"},{"taxonomy":"post_tag","embeddable":true,"href":"https:\/\/www.egemtv.com\/index.php?rest_route=%2Fwp%2Fv2%2Ftags&post=25910"}],"curies":[{"name":"wp","href":"https:\/\/api.w.org\/{rel}","templated":true}]}}