{"id":25907,"date":"2025-03-22T14:03:48","date_gmt":"2025-03-22T11:03:48","guid":{"rendered":"https:\/\/www.egemtv.com\/?p=25907"},"modified":"2025-03-22T14:03:52","modified_gmt":"2025-03-22T11:03:52","slug":"jandarmanin-tefecilik-operasyonunda-2-supheli-yakalandi","status":"publish","type":"post","link":"https:\/\/www.egemtv.com\/?p=25907","title":{"rendered":"Jandarman\u0131n tefecilik operasyonunda 2 \u015f\u00fcpheli yakaland\u0131"},"content":{"rendered":"<p>DEN\u0130ZL\u0130 (\u0130HA) \u2013 Denizli\u2019de jandarma ekiplerinin tefecilik su\u00e7uyla m\u00fccadele su\u00e7u kapsam\u0131nda Merkezefendi ve Babada\u011f il\u00e7elerinde d\u00fczenledi\u011fi operasyonda 2 \u015f\u00fcpheli g\u00f6zalt\u0131na al\u0131nd\u0131.<\/p>\n<p>Edinilen bilgiye g\u00f6re; Denizli \u0130l Jandarma Komutanl\u0131\u011f\u0131 ekipleri taraf\u0131ndan tefecilik su\u00e7u ile m\u00fccadele kapsam\u0131nda, su\u00e7a kar\u0131\u015ft\u0131klar\u0131 tespit edilen 2 \u015f\u00fcpheli hakk\u0131nda \u00e7al\u0131\u015fma ba\u015flat\u0131ld\u0131. \u015e\u00fcphelilerin yakalanmas\u0131 amac\u0131yla Sarayk\u00f6y Cumhuriyet Ba\u015fsavc\u0131l\u0131\u011f\u0131 koordinesinde jandarma ekipleri taraf\u0131ndan Babada\u011f ve Merkezefendi il\u00e7elerinde icra edilen operasyonda \u015f\u00fcpheliler adreslerinde g\u00f6zalt\u0131na al\u0131nd\u0131.<\/p>\n<p>\u015e\u00fcphelilerin adreslerinde yap\u0131lan aramalarda 13 adet yaz\u0131l\u0131 senet, 12 adet bo\u015f senet, 2 adet banka dekontu, 1 adet tapu senedi ile 2 adet cep telefonu ele ge\u00e7irildi. Ele ge\u00e7irilen malzemeler muhafaza alt\u0131na al\u0131n\u0131rken, \u015f\u00fcpheliler hakk\u0131nda adli i\u015flemlere ba\u015flan\u0131ld\u0131.<br \/><\/p>\n","protected":false},"excerpt":{"rendered":"<p>DEN\u0130ZL\u0130 (\u0130HA) \u2013 Denizli\u2019de jandarma ekiplerinin tefecilik su\u00e7uyla m\u00fccadele su\u00e7u kapsam\u0131nda Merkezefendi ve Babada\u011f il\u00e7elerinde d\u00fczenledi\u011fi operasyonda 2 \u015f\u00fcpheli g\u00f6zalt\u0131na al\u0131nd\u0131. Edinilen bilgiye g\u00f6re; Denizli \u0130l Jandarma Komutanl\u0131\u011f\u0131 ekipleri taraf\u0131ndan tefecilik su\u00e7u ile m\u00fccadele kapsam\u0131nda, su\u00e7a kar\u0131\u015ft\u0131klar\u0131 tespit edilen 2 \u015f\u00fcpheli hakk\u0131nda \u00e7al\u0131\u015fma ba\u015flat\u0131ld\u0131. \u015e\u00fcphelilerin yakalanmas\u0131 amac\u0131yla Sarayk\u00f6y Cumhuriyet Ba\u015fsavc\u0131l\u0131\u011f\u0131 koordinesinde jandarma ekipleri taraf\u0131ndan Babada\u011f&#8230;<\/p>\n","protected":false},"author":1,"featured_media":25908,"comment_status":"open","ping_status":"open","sticky":false,"template":"","format":"standard","meta":{"_crdt_document":"","footnotes":""},"categories":[5],"tags":[],"class_list":["post-25907","post","type-post","status-publish","format-standard","has-post-thumbnail","hentry","category-asayis"],"_links":{"self":[{"href":"https:\/\/www.egemtv.com\/index.php?rest_route=\/wp\/v2\/posts\/25907","targetHints":{"allow":["GET"]}}],"collection":[{"href":"https:\/\/www.egemtv.com\/index.php?rest_route=\/wp\/v2\/posts"}],"about":[{"href":"https:\/\/www.egemtv.com\/index.php?rest_route=\/wp\/v2\/types\/post"}],"author":[{"embeddable":true,"href":"https:\/\/www.egemtv.com\/index.php?rest_route=\/wp\/v2\/users\/1"}],"replies":[{"embeddable":true,"href":"https:\/\/www.egemtv.com\/index.php?rest_route=%2Fwp%2Fv2%2Fcomments&post=25907"}],"version-history":[{"count":1,"href":"https:\/\/www.egemtv.com\/index.php?rest_route=\/wp\/v2\/posts\/25907\/revisions"}],"predecessor-version":[{"id":25909,"href":"https:\/\/www.egemtv.com\/index.php?rest_route=\/wp\/v2\/posts\/25907\/revisions\/25909"}],"wp:featuredmedia":[{"embeddable":true,"href":"https:\/\/www.egemtv.com\/index.php?rest_route=\/wp\/v2\/media\/25908"}],"wp:attachment":[{"href":"https:\/\/www.egemtv.com\/index.php?rest_route=%2Fwp%2Fv2%2Fmedia&parent=25907"}],"wp:term":[{"taxonomy":"category","embeddable":true,"href":"https:\/\/www.egemtv.com\/index.php?rest_route=%2Fwp%2Fv2%2Fcategories&post=25907"},{"taxonomy":"post_tag","embeddable":true,"href":"https:\/\/www.egemtv.com\/index.php?rest_route=%2Fwp%2Fv2%2Ftags&post=25907"}],"curies":[{"name":"wp","href":"https:\/\/api.w.org\/{rel}","templated":true}]}}