{"id":25904,"date":"2025-03-22T14:03:44","date_gmt":"2025-03-22T11:03:44","guid":{"rendered":"https:\/\/www.egemtv.com\/?p=25904"},"modified":"2025-03-22T14:03:48","modified_gmt":"2025-03-22T11:03:48","slug":"manisada-cevreyi-kirletenlere-taviz-yok","status":"publish","type":"post","link":"https:\/\/www.egemtv.com\/?p=25904","title":{"rendered":"Manisa\u2019da \u00e7evreyi kirletenlere taviz yok"},"content":{"rendered":"<p>Manisa B\u00fcy\u00fck\u015fehir Belediyesi \u0130klim De\u011fi\u015fikli\u011fi ve S\u0131f\u0131r At\u0131k Dairesi Ba\u015fkanl\u0131\u011f\u0131\u2019na ba\u011fl\u0131 iklim zab\u0131tas\u0131 ekipleri, tar\u0131msal alana ka\u00e7ak yolla d\u00f6k\u00fclen end\u00fcstriyel at\u0131klar i\u00e7in harekete ge\u00e7ti.<br \/>\n<br \/>Manisa B\u00fcy\u00fck\u015fehir Belediyesi, \u00e7evrenin korunmas\u0131 i\u00e7in denetimlerini taviz vermeden s\u00fcrd\u00fcr\u00fcyor. \u00c7evreye kar\u015f\u0131 duyarl\u0131l\u0131\u011f\u0131n\u0131 hayata ge\u00e7irdi\u011fi projeler ile her f\u0131rsatta g\u00f6steren B\u00fcy\u00fck\u015fehir Belediyesi, \u00e7evreye kirletenlere kar\u015f\u0131 da cezai yapt\u0131r\u0131mlar uyguluyor. Muradiye b\u00f6lgesinde olu\u015fan duman \u00fczerine yang\u0131n ihbar\u0131 alan itfaiye ekipleri, duman\u0131n end\u00fcstriyel at\u0131klar\u0131n yanmas\u0131ndan kaynakland\u0131\u011f\u0131n\u0131 tespit etti. Durum, \u0130klim De\u011fi\u015fikli\u011fi ve S\u0131f\u0131r At\u0131k Dairesi Ba\u015fkanl\u0131\u011f\u0131\u2019na bildirildi. B\u00fcy\u00fck\u015fehir Belediyesi ve Jandarma ekiplerinin olay yerine gitmesi ve yap\u0131lan tespitler sonras\u0131nda durum tutanak alt\u0131na al\u0131nd\u0131. Ard\u0131ndan, \u00c7evre, \u015eehircilik ve \u0130klim De\u011fi\u015fikli\u011fi \u0130l M\u00fcd\u00fcrl\u00fc\u011f\u00fc ekipleri savc\u0131l\u0131k talimat\u0131yla numune ald\u0131 ve s\u00fcrecin adli takibini ba\u015flatt\u0131. Manisa B\u00fcy\u00fck\u015fehir Belediyesi, yang\u0131na da sebebiyet veren ka\u00e7ak d\u00f6k\u00fcmle ilgili cezai yapt\u0131r\u0131m uygularken \u00c7evre, \u015eehircilik ve \u0130klim De\u011fi\u015fikli\u011fi \u0130l M\u00fcd\u00fcrl\u00fc\u011f\u00fc\u2019n\u00fcn de numune sonu\u00e7lar\u0131na g\u00f6re ek yapt\u0131r\u0131mlar uygulayaca\u011f\u0131 \u00f6\u011frenildi.<\/p>\n<p>&#8220;Ka\u00e7ak d\u00f6k\u00fcme taviz verilmeyecek&#8221;<br \/>\n<br \/>\u00c7evreyi kirletenlere asla izin vermeyeceklerini s\u00f6yleyen Manisa B\u00fcy\u00fck\u015fehir Belediye Ba\u015fkan\u0131 Mimar Ferdi Zeyrek, &#8220;Zab\u0131ta ekiplerimiz denetimlerini aral\u0131ks\u0131z s\u00fcrd\u00fcrecek. Hi\u00e7bir \u015fekilde ka\u00e7ak d\u00f6k\u00fcm yap\u0131lmas\u0131na izin verilmeyecek ve sorumlular hakk\u0131nda gerekli yasal i\u015flemler yap\u0131lacak. Gelecek nesillere daha temiz ve g\u00fczel bir \u00e7evre b\u0131rakmak amac\u0131yla denetimlerimizi t\u00fcm h\u0131z\u0131yla s\u00fcrd\u00fcrece\u011fiz. Biz, ye\u015fil bir \u00e7evreyi dedelerimizden miras de\u011fil, torunlar\u0131m\u0131zdan emanet ald\u0131k&#8221; dedi.<br \/><\/p>\n","protected":false},"excerpt":{"rendered":"<p>Manisa B\u00fcy\u00fck\u015fehir Belediyesi \u0130klim De\u011fi\u015fikli\u011fi ve S\u0131f\u0131r At\u0131k Dairesi Ba\u015fkanl\u0131\u011f\u0131\u2019na ba\u011fl\u0131 iklim zab\u0131tas\u0131 ekipleri, tar\u0131msal alana ka\u00e7ak yolla d\u00f6k\u00fclen end\u00fcstriyel at\u0131klar i\u00e7in harekete ge\u00e7ti. Manisa B\u00fcy\u00fck\u015fehir Belediyesi, \u00e7evrenin korunmas\u0131 i\u00e7in denetimlerini taviz vermeden s\u00fcrd\u00fcr\u00fcyor. \u00c7evreye kar\u015f\u0131 duyarl\u0131l\u0131\u011f\u0131n\u0131 hayata ge\u00e7irdi\u011fi projeler ile her f\u0131rsatta g\u00f6steren B\u00fcy\u00fck\u015fehir Belediyesi, \u00e7evreye kirletenlere kar\u015f\u0131 da cezai yapt\u0131r\u0131mlar uyguluyor. Muradiye b\u00f6lgesinde&#8230;<\/p>\n","protected":false},"author":1,"featured_media":25905,"comment_status":"open","ping_status":"open","sticky":false,"template":"","format":"standard","meta":{"_crdt_document":"","footnotes":""},"categories":[1],"tags":[],"class_list":["post-25904","post","type-post","status-publish","format-standard","has-post-thumbnail","hentry","category-guncel"],"_links":{"self":[{"href":"https:\/\/www.egemtv.com\/index.php?rest_route=\/wp\/v2\/posts\/25904","targetHints":{"allow":["GET"]}}],"collection":[{"href":"https:\/\/www.egemtv.com\/index.php?rest_route=\/wp\/v2\/posts"}],"about":[{"href":"https:\/\/www.egemtv.com\/index.php?rest_route=\/wp\/v2\/types\/post"}],"author":[{"embeddable":true,"href":"https:\/\/www.egemtv.com\/index.php?rest_route=\/wp\/v2\/users\/1"}],"replies":[{"embeddable":true,"href":"https:\/\/www.egemtv.com\/index.php?rest_route=%2Fwp%2Fv2%2Fcomments&post=25904"}],"version-history":[{"count":1,"href":"https:\/\/www.egemtv.com\/index.php?rest_route=\/wp\/v2\/posts\/25904\/revisions"}],"predecessor-version":[{"id":25906,"href":"https:\/\/www.egemtv.com\/index.php?rest_route=\/wp\/v2\/posts\/25904\/revisions\/25906"}],"wp:featuredmedia":[{"embeddable":true,"href":"https:\/\/www.egemtv.com\/index.php?rest_route=\/wp\/v2\/media\/25905"}],"wp:attachment":[{"href":"https:\/\/www.egemtv.com\/index.php?rest_route=%2Fwp%2Fv2%2Fmedia&parent=25904"}],"wp:term":[{"taxonomy":"category","embeddable":true,"href":"https:\/\/www.egemtv.com\/index.php?rest_route=%2Fwp%2Fv2%2Fcategories&post=25904"},{"taxonomy":"post_tag","embeddable":true,"href":"https:\/\/www.egemtv.com\/index.php?rest_route=%2Fwp%2Fv2%2Ftags&post=25904"}],"curies":[{"name":"wp","href":"https:\/\/api.w.org\/{rel}","templated":true}]}}