{"id":25901,"date":"2025-03-22T14:03:39","date_gmt":"2025-03-22T11:03:39","guid":{"rendered":"https:\/\/www.egemtv.com\/?p=25901"},"modified":"2025-03-22T14:03:44","modified_gmt":"2025-03-22T11:03:44","slug":"buyuksehir-deskiden-dunya-su-gunune-ozel-program","status":"publish","type":"post","link":"https:\/\/www.egemtv.com\/?p=25901","title":{"rendered":"B\u00fcy\u00fck\u015fehir DESK\u0130\u2019den D\u00fcnya Su G\u00fcn\u00fc\u2019ne \u00f6zel program"},"content":{"rendered":"<p>Denizli Su ve Kanalizasyon \u0130daresi (DESK\u0130), 22 Mart D\u00fcnya Su G\u00fcn\u00fc dolay\u0131s\u0131yla \u00f6zel bir etkinlik d\u00fczenledi. Suyun \u00f6nemine dikkat \u00e7ekmek ve su bilincini art\u0131rmak amac\u0131yla yap\u0131lan programa kat\u0131lanlar unutulmaz bir g\u00fcn ya\u015fad\u0131.<\/p>\n<p>D\u00fcnya Su g\u00fcn\u00fc dolay\u0131s\u0131yla Nihat Zeybekci Kongre ve K\u00fclt\u00fcr Merkezi\u2019nde ger\u00e7ekle\u015fen etkinlik, sayg\u0131 duru\u015fu ve \u0130stiklal Mar\u015f\u0131 ile ba\u015flad\u0131. Program\u0131n a\u00e7\u0131l\u0131\u015f konu\u015fmas\u0131n\u0131 yapan DESK\u0130 Genel M\u00fcd\u00fcr\u00fc Egemen Emre Be\u015fli, suyun \u00f6nemi ve su y\u00f6netiminde fark\u0131ndal\u0131k olu\u015fturmak amac\u0131yla bir etkinlik d\u00fczenlediklerini s\u00f6yledi. Genel M\u00fcd\u00fcr Be\u015fli, &#8220;Su sadece g\u00fcnl\u00fck ya\u015fam\u0131n de\u011fil, eko sistemlerin, tar\u0131m\u0131n, sanayinin ve ekonominin temel dire\u011fidir. Ne yaz\u0131k ki t\u00fcm d\u00fcnyada oldu\u011fu gibi \u00fclkemizde ve \u015fehrimizde kurakl\u0131\u011f\u0131 ciddi \u015fekilde hissediyoruz. Bizler B\u00fcy\u00fck\u015fehir DESK\u0130 olarak, B\u00fcy\u00fck\u015fehir Belediye Ba\u015fkan\u0131m\u0131z\u0131n \u2018Mutlu insanlar\u0131n \u015fehri Denizli\u2019 vizyonuyla halk\u0131m\u0131za temiz ve kesintisiz i\u00e7me suyu sa\u011flamak, su y\u00f6netimini en iyi \u015fekilde y\u00fcr\u00fctmek, su kaynaklar\u0131m\u0131z\u0131 s\u00fcrd\u00fcr\u00fclebilir bir \u015fekilde korumak i\u00e7in b\u00fcy\u00fck bir sorumluluk ta\u015f\u0131yoruz. Mesai kavram\u0131 g\u00f6zetmeksizin \u00e7al\u0131\u015f\u0131yoruz&#8221; ifadelerini kulland\u0131.<\/p>\n<p>&#8220;Su varsa, hayat var&#8221;<br \/>\n<br \/>Denizli B\u00fcy\u00fck\u015fehir Belediye Ba\u015fkan\u0131 B\u00fclent Nuri \u00c7avu\u015fo\u011flu ise, D\u00fcnya Su G\u00fcn\u00fc dolay\u0131s\u0131yla d\u00fczenlenen etkinlikte suyun hayati \u00f6nemine dikkat \u00e7ekti. Ba\u015fkan \u00c7avu\u015fo\u011flu, su kaynaklar\u0131n\u0131n korunmas\u0131n\u0131n sadece bug\u00fcn\u00fc de\u011fil, gelecek nesillerin ya\u015fam\u0131n\u0131 da do\u011frudan etkiledi\u011fini vurgulayarak \u015funlar\u0131 s\u00f6yledi: &#8220;D\u00fcnya Su G\u00fcn\u00fc, suyun ne kadar k\u0131ymetli ve vazge\u00e7ilmez bir ya\u015fam kayna\u011f\u0131 oldu\u011funu bizlere bir kez daha hat\u0131rlat\u0131yor. G\u00fcn\u00fcm\u00fczde iklim de\u011fi\u015fikli\u011fi, kurakl\u0131k ve bilin\u00e7siz su t\u00fcketimi nedeniyle su kaynaklar\u0131m\u0131z ciddi tehdit alt\u0131nda. Bu nedenle suyu korumak, tasarruflu kullanmak ve gelecek ku\u015faklara temiz su b\u0131rakabilmek i\u00e7in hepimize b\u00fcy\u00fck sorumluluk d\u00fc\u015f\u00fcyor. B\u00fcy\u00fck\u015fehir Belediyesi olarak, DESK\u0130 arac\u0131l\u0131\u011f\u0131yla halk\u0131m\u0131za kesintisiz ve sa\u011fl\u0131kl\u0131 i\u00e7me suyu ula\u015ft\u0131rmak i\u00e7in \u00e7al\u0131\u015f\u0131yor, su y\u00f6netiminde s\u00fcrd\u00fcr\u00fclebilir \u00e7\u00f6z\u00fcmler \u00fcretmeye devam ediyoruz. Bu anlaml\u0131 etkinlikte eme\u011fi ge\u00e7en t\u00fcm kurum ve kurulu\u015flara, su bilincine katk\u0131 sa\u011flayan okullar\u0131m\u0131za, \u00f6\u011fretmenlerimize ve \u00e7ocuklar\u0131m\u0131za te\u015fekk\u00fcr ediyorum. Suyumuza sahip \u00e7\u0131kal\u0131m, \u00e7\u00fcnk\u00fc su varsa hayat var.&#8221;<\/p>\n<p>Minik su kahramanlar\u0131 D\u00fcnya Su G\u00fcn\u00fc\u2019nde sahnedeydi<br \/>\n<br \/>A\u00e7\u0131l\u0131\u015f konu\u015fmalar\u0131n\u0131n ard\u0131ndan suyun de\u011ferine vurgu yapan sinevizyon g\u00f6sterimi ger\u00e7ekle\u015ftirildi. Su dostu okullar\u0131n haz\u0131rlad\u0131\u011f\u0131 \u00f6zel g\u00f6steriler izleyicilerden b\u00fcy\u00fck be\u011feni toplad\u0131. H\u00fcseyin Eriko\u011flu Anaokulu makaras ve ritim g\u00f6sterisi sunarken, Vilayetler Birli\u011fi Anaokulu \u00f6\u011frencileri drama g\u00f6sterisi sergiledi. Ahmet \u00c7al\u0131\u015fkan Anaokulu dans ve ritim g\u00f6sterisi ile sahne al\u0131rken, Hac\u0131 Semiha Kulakl\u0131 Anaokulu ve Okul Yapt\u0131rma ve Ya\u015fatma Anaokulu da dans g\u00f6sterileri ile programa renk katt\u0131. Etkinlik kapsam\u0131nda sahnelenen &#8220;Damla ve Deniz&#8221; tiyatro g\u00f6sterisi \u00e7ocuklar i\u00e7in e\u011flenceli ve \u00f6\u011fretici anlar ya\u015fatt\u0131. Ard\u0131ndan d\u00fczenlenen &#8220;Su Dostu Okul&#8221; \u00f6d\u00fcl t\u00f6reni ile su bilincini art\u0131rmaya y\u00f6nelik \u00e7al\u0131\u015fmalar\u0131yla \u00f6ne \u00e7\u0131kan okullar \u00f6d\u00fcllendirildi.<\/p>\n<p>\u00c7ocuklara y\u00f6nelik bir\u00e7ok farkl\u0131 etkinli\u011fin yer ald\u0131\u011f\u0131 programda su at\u00f6lyesi, \u00e7ocuk-su temal\u0131 resim sergisi, planetaryum g\u00f6sterisi ve oyun park\u0131 etkinlikleri b\u00fcy\u00fck ilgi g\u00f6rd\u00fc.<br \/><\/p>\n","protected":false},"excerpt":{"rendered":"<p>Denizli Su ve Kanalizasyon \u0130daresi (DESK\u0130), 22 Mart D\u00fcnya Su G\u00fcn\u00fc dolay\u0131s\u0131yla \u00f6zel bir etkinlik d\u00fczenledi. Suyun \u00f6nemine dikkat \u00e7ekmek ve su bilincini art\u0131rmak amac\u0131yla yap\u0131lan programa kat\u0131lanlar unutulmaz bir g\u00fcn ya\u015fad\u0131. D\u00fcnya Su g\u00fcn\u00fc dolay\u0131s\u0131yla Nihat Zeybekci Kongre ve K\u00fclt\u00fcr Merkezi\u2019nde ger\u00e7ekle\u015fen etkinlik, sayg\u0131 duru\u015fu ve \u0130stiklal Mar\u015f\u0131 ile ba\u015flad\u0131. Program\u0131n a\u00e7\u0131l\u0131\u015f konu\u015fmas\u0131n\u0131 yapan&#8230;<\/p>\n","protected":false},"author":1,"featured_media":25902,"comment_status":"open","ping_status":"open","sticky":false,"template":"","format":"standard","meta":{"_crdt_document":"","footnotes":""},"categories":[1],"tags":[],"class_list":["post-25901","post","type-post","status-publish","format-standard","has-post-thumbnail","hentry","category-guncel"],"_links":{"self":[{"href":"https:\/\/www.egemtv.com\/index.php?rest_route=\/wp\/v2\/posts\/25901","targetHints":{"allow":["GET"]}}],"collection":[{"href":"https:\/\/www.egemtv.com\/index.php?rest_route=\/wp\/v2\/posts"}],"about":[{"href":"https:\/\/www.egemtv.com\/index.php?rest_route=\/wp\/v2\/types\/post"}],"author":[{"embeddable":true,"href":"https:\/\/www.egemtv.com\/index.php?rest_route=\/wp\/v2\/users\/1"}],"replies":[{"embeddable":true,"href":"https:\/\/www.egemtv.com\/index.php?rest_route=%2Fwp%2Fv2%2Fcomments&post=25901"}],"version-history":[{"count":1,"href":"https:\/\/www.egemtv.com\/index.php?rest_route=\/wp\/v2\/posts\/25901\/revisions"}],"predecessor-version":[{"id":25903,"href":"https:\/\/www.egemtv.com\/index.php?rest_route=\/wp\/v2\/posts\/25901\/revisions\/25903"}],"wp:featuredmedia":[{"embeddable":true,"href":"https:\/\/www.egemtv.com\/index.php?rest_route=\/wp\/v2\/media\/25902"}],"wp:attachment":[{"href":"https:\/\/www.egemtv.com\/index.php?rest_route=%2Fwp%2Fv2%2Fmedia&parent=25901"}],"wp:term":[{"taxonomy":"category","embeddable":true,"href":"https:\/\/www.egemtv.com\/index.php?rest_route=%2Fwp%2Fv2%2Fcategories&post=25901"},{"taxonomy":"post_tag","embeddable":true,"href":"https:\/\/www.egemtv.com\/index.php?rest_route=%2Fwp%2Fv2%2Ftags&post=25901"}],"curies":[{"name":"wp","href":"https:\/\/api.w.org\/{rel}","templated":true}]}}