{"id":25898,"date":"2025-03-22T13:25:12","date_gmt":"2025-03-22T10:25:12","guid":{"rendered":"https:\/\/www.egemtv.com\/?p=25898"},"modified":"2025-03-22T13:25:15","modified_gmt":"2025-03-22T10:25:15","slug":"gedize-yeni-hukumet-konagi","status":"publish","type":"post","link":"https:\/\/www.egemtv.com\/?p=25898","title":{"rendered":"Gediz\u2019e yeni h\u00fck\u00fcmet kona\u011f\u0131"},"content":{"rendered":"<p>K\u00fctahya\u2019n\u0131n Gediz il\u00e7esinde yap\u0131m\u0131 tamamlanan yeni H\u00fck\u00fcmet Kona\u011f\u0131 hizmete giriyor. Modern mimarisiyle dikkat \u00e7eken bina, il\u00e7edeki bir\u00e7ok kamu kurumunu tek \u00e7at\u0131 alt\u0131nda toplayarak vatanda\u015flara daha iyi hizmet sunmay\u0131 ama\u00e7l\u0131yor.<br \/>\n<br \/>Gediz Kaymakam\u0131 Hakan Alkan, 2020 y\u0131l\u0131nda g\u00f6reve ba\u015flad\u0131\u011f\u0131n\u0131 ve pandemi s\u00fcrecinde yo\u011fun bir \u00e7al\u0131\u015fma d\u00f6nemi ge\u00e7irdiklerini belirtti. 2021 y\u0131l\u0131nda yeni H\u00fck\u00fcmet Kona\u011f\u0131\u2019n\u0131n yap\u0131lmas\u0131na karar verildi\u011fini ifade eden Alkan, s\u00fcre\u00e7 boyunca K\u00fctahya Valisi Ali \u00c7elik\u2019in deste\u011fiyle kurumlar\u0131n ihtiya\u00e7lar\u0131n\u0131n belirlendi\u011fini s\u00f6yledi. Haz\u0131rlanan proje, K\u00fctahya \u0130l \u00d6zel \u0130daresi\u2019ne sunularak 2023 y\u0131l\u0131nda yakla\u015f\u0131k 95 milyon TL\u2019lik (KDV dahil) b\u00fct\u00e7eyle ihale edildi. \u0130ki y\u0131l s\u00fcren in\u015faat\u0131n ard\u0131ndan bina tamamland\u0131.<br \/>\n<br \/>Yeni H\u00fck\u00fcmet Kona\u011f\u0131\u2019nda \u0130l\u00e7e Emniyet M\u00fcd\u00fcrl\u00fc\u011f\u00fc, Askerlik \u015eubesi, Sosyal Yard\u0131mla\u015fma ve Dayan\u0131\u015fma Vakf\u0131, Sosyal Hizmetler \u0130l\u00e7e M\u00fcd\u00fcrl\u00fc\u011f\u00fc, \u0130l \u00d6zel \u0130dare M\u00fcd\u00fcrl\u00fc\u011f\u00fc, K\u00f6ylere Hizmet G\u00f6t\u00fcrme Birli\u011fi, Milli Emlak \u015eefli\u011fi ve Sosyal G\u00fcvenlik Kurumu gibi \u00f6nemli kamu kurumlar\u0131 yer alacak. Ancak \u0130l\u00e7e Milli E\u011fitim M\u00fcd\u00fcrl\u00fc\u011f\u00fc, M\u00fcft\u00fcl\u00fck, \u0130l\u00e7e Sa\u011fl\u0131k M\u00fcd\u00fcrl\u00fc\u011f\u00fc ve Vergi Dairesi M\u00fcd\u00fcrl\u00fc\u011f\u00fc mevcut binalar\u0131nda hizmet vermeye devam edecek.<br \/>\n<br \/>Ergenekon Mahallesi\u2019nde bulunan eski H\u00fck\u00fcmet Kona\u011f\u0131 binas\u0131, Cuma g\u00fcn\u00fcnden itibaren kamu hizmetine kapanacak ve \u00f6n\u00fcm\u00fczdeki e\u011fitim-\u00f6\u011fretim d\u00f6neminde okul olarak kullan\u0131lacak.<br \/>\n<br \/>Kaymakam Hakan Alkan, yeni H\u00fck\u00fcmet Kona\u011f\u0131\u2019n\u0131n Gediz halk\u0131na hay\u0131rl\u0131 olmas\u0131n\u0131 dileyerek eme\u011fi ge\u00e7en herkese te\u015fekk\u00fcr etti.<br \/><\/p>\n","protected":false},"excerpt":{"rendered":"<p>K\u00fctahya\u2019n\u0131n Gediz il\u00e7esinde yap\u0131m\u0131 tamamlanan yeni H\u00fck\u00fcmet Kona\u011f\u0131 hizmete giriyor. Modern mimarisiyle dikkat \u00e7eken bina, il\u00e7edeki bir\u00e7ok kamu kurumunu tek \u00e7at\u0131 alt\u0131nda toplayarak vatanda\u015flara daha iyi hizmet sunmay\u0131 ama\u00e7l\u0131yor. Gediz Kaymakam\u0131 Hakan Alkan, 2020 y\u0131l\u0131nda g\u00f6reve ba\u015flad\u0131\u011f\u0131n\u0131 ve pandemi s\u00fcrecinde yo\u011fun bir \u00e7al\u0131\u015fma d\u00f6nemi ge\u00e7irdiklerini belirtti. 2021 y\u0131l\u0131nda yeni H\u00fck\u00fcmet Kona\u011f\u0131\u2019n\u0131n yap\u0131lmas\u0131na karar verildi\u011fini ifade&#8230;<\/p>\n","protected":false},"author":1,"featured_media":25899,"comment_status":"open","ping_status":"open","sticky":false,"template":"","format":"standard","meta":{"_crdt_document":"","footnotes":""},"categories":[123],"tags":[],"class_list":["post-25898","post","type-post","status-publish","format-standard","has-post-thumbnail","hentry","category-gundem"],"_links":{"self":[{"href":"https:\/\/www.egemtv.com\/index.php?rest_route=\/wp\/v2\/posts\/25898","targetHints":{"allow":["GET"]}}],"collection":[{"href":"https:\/\/www.egemtv.com\/index.php?rest_route=\/wp\/v2\/posts"}],"about":[{"href":"https:\/\/www.egemtv.com\/index.php?rest_route=\/wp\/v2\/types\/post"}],"author":[{"embeddable":true,"href":"https:\/\/www.egemtv.com\/index.php?rest_route=\/wp\/v2\/users\/1"}],"replies":[{"embeddable":true,"href":"https:\/\/www.egemtv.com\/index.php?rest_route=%2Fwp%2Fv2%2Fcomments&post=25898"}],"version-history":[{"count":1,"href":"https:\/\/www.egemtv.com\/index.php?rest_route=\/wp\/v2\/posts\/25898\/revisions"}],"predecessor-version":[{"id":25900,"href":"https:\/\/www.egemtv.com\/index.php?rest_route=\/wp\/v2\/posts\/25898\/revisions\/25900"}],"wp:featuredmedia":[{"embeddable":true,"href":"https:\/\/www.egemtv.com\/index.php?rest_route=\/wp\/v2\/media\/25899"}],"wp:attachment":[{"href":"https:\/\/www.egemtv.com\/index.php?rest_route=%2Fwp%2Fv2%2Fmedia&parent=25898"}],"wp:term":[{"taxonomy":"category","embeddable":true,"href":"https:\/\/www.egemtv.com\/index.php?rest_route=%2Fwp%2Fv2%2Fcategories&post=25898"},{"taxonomy":"post_tag","embeddable":true,"href":"https:\/\/www.egemtv.com\/index.php?rest_route=%2Fwp%2Fv2%2Ftags&post=25898"}],"curies":[{"name":"wp","href":"https:\/\/api.w.org\/{rel}","templated":true}]}}