{"id":25895,"date":"2025-03-22T13:25:07","date_gmt":"2025-03-22T10:25:07","guid":{"rendered":"https:\/\/www.egemtv.com\/?p=25895"},"modified":"2025-03-22T13:25:12","modified_gmt":"2025-03-22T10:25:12","slug":"cevreye-rahatsizlik-veren-motosikletler-trafikten-men-edildi","status":"publish","type":"post","link":"https:\/\/www.egemtv.com\/?p=25895","title":{"rendered":"\u00c7evreye rahats\u0131zl\u0131k veren motosikletler trafikten men edildi"},"content":{"rendered":"<p>Afyonkarahisar\u2019\u0131n Bolvadin il\u00e7esinde kurallara uymayan ve \u00e7evreye rahats\u0131zl\u0131k veren motosikletler polis taraf\u0131ndan trafikten men edilirken ayr\u0131ca s\u00fcr\u00fcc\u00fclere cezai i\u015flem uyguland\u0131.<br \/>\n<br \/>Bolvadin\u2019de  \u0130l\u00e7e Emniyet M\u00fcd\u00fcrl\u00fc\u011f\u00fcne ba\u011fl\u0131 trafik ekipleri \u00e7evreye rahats\u0131zl\u0131k veren s\u00fcr\u00fcc\u00fclere y\u00f6nelik denetimlerini s\u00fcrd\u00fcr\u00fcyor. Bu \u00e7er\u00e7evede ekipler il\u00e7edeki park ve bah\u00e7elerde \u00e7evreye rahats\u0131zl\u0131k veren abart egzoz tak\u0131l\u0131, plakas\u0131z, ehliyetsiz, \u015fase numaras\u0131 olmayan motosikletler trafikten men edildi. Toplanan motosikletlerin s\u00fcr\u00fcc\u00fclerine ise toplamda 112 bin 328 TL para cezas\u0131 yaz\u0131ld\u0131.<br \/><\/p>\n","protected":false},"excerpt":{"rendered":"<p>Afyonkarahisar\u2019\u0131n Bolvadin il\u00e7esinde kurallara uymayan ve \u00e7evreye rahats\u0131zl\u0131k veren motosikletler polis taraf\u0131ndan trafikten men edilirken ayr\u0131ca s\u00fcr\u00fcc\u00fclere cezai i\u015flem uyguland\u0131. Bolvadin\u2019de \u0130l\u00e7e Emniyet M\u00fcd\u00fcrl\u00fc\u011f\u00fcne ba\u011fl\u0131 trafik ekipleri \u00e7evreye rahats\u0131zl\u0131k veren s\u00fcr\u00fcc\u00fclere y\u00f6nelik denetimlerini s\u00fcrd\u00fcr\u00fcyor. Bu \u00e7er\u00e7evede ekipler il\u00e7edeki park ve bah\u00e7elerde \u00e7evreye rahats\u0131zl\u0131k veren abart egzoz tak\u0131l\u0131, plakas\u0131z, ehliyetsiz, \u015fase numaras\u0131 olmayan motosikletler trafikten men&#8230;<\/p>\n","protected":false},"author":1,"featured_media":25896,"comment_status":"open","ping_status":"open","sticky":false,"template":"","format":"standard","meta":{"_crdt_document":"","footnotes":""},"categories":[5],"tags":[],"class_list":["post-25895","post","type-post","status-publish","format-standard","has-post-thumbnail","hentry","category-asayis"],"_links":{"self":[{"href":"https:\/\/www.egemtv.com\/index.php?rest_route=\/wp\/v2\/posts\/25895","targetHints":{"allow":["GET"]}}],"collection":[{"href":"https:\/\/www.egemtv.com\/index.php?rest_route=\/wp\/v2\/posts"}],"about":[{"href":"https:\/\/www.egemtv.com\/index.php?rest_route=\/wp\/v2\/types\/post"}],"author":[{"embeddable":true,"href":"https:\/\/www.egemtv.com\/index.php?rest_route=\/wp\/v2\/users\/1"}],"replies":[{"embeddable":true,"href":"https:\/\/www.egemtv.com\/index.php?rest_route=%2Fwp%2Fv2%2Fcomments&post=25895"}],"version-history":[{"count":1,"href":"https:\/\/www.egemtv.com\/index.php?rest_route=\/wp\/v2\/posts\/25895\/revisions"}],"predecessor-version":[{"id":25897,"href":"https:\/\/www.egemtv.com\/index.php?rest_route=\/wp\/v2\/posts\/25895\/revisions\/25897"}],"wp:featuredmedia":[{"embeddable":true,"href":"https:\/\/www.egemtv.com\/index.php?rest_route=\/wp\/v2\/media\/25896"}],"wp:attachment":[{"href":"https:\/\/www.egemtv.com\/index.php?rest_route=%2Fwp%2Fv2%2Fmedia&parent=25895"}],"wp:term":[{"taxonomy":"category","embeddable":true,"href":"https:\/\/www.egemtv.com\/index.php?rest_route=%2Fwp%2Fv2%2Fcategories&post=25895"},{"taxonomy":"post_tag","embeddable":true,"href":"https:\/\/www.egemtv.com\/index.php?rest_route=%2Fwp%2Fv2%2Ftags&post=25895"}],"curies":[{"name":"wp","href":"https:\/\/api.w.org\/{rel}","templated":true}]}}