{"id":25892,"date":"2025-03-22T13:25:03","date_gmt":"2025-03-22T10:25:03","guid":{"rendered":"https:\/\/www.egemtv.com\/?p=25892"},"modified":"2025-03-22T13:25:07","modified_gmt":"2025-03-22T10:25:07","slug":"bozdoganin-guclu-bilekleri-sampiyonadan-madalyalarla-dondu","status":"publish","type":"post","link":"https:\/\/www.egemtv.com\/?p=25892","title":{"rendered":"Bozdo\u011fan\u2019\u0131n g\u00fc\u00e7l\u00fc bilekleri \u015fampiyonadan madalyalarla d\u00f6nd\u00fc"},"content":{"rendered":"<p>Mu\u011fla\u2019da d\u00fczenlenen Bilek G\u00fcre\u015fi Gen\u00e7 Erkekler\/K\u0131zlar Grup Birincili\u011fi M\u00fcsabakalar\u0131\u2019nda Ayd\u0131n\u2019\u0131 temsil eden Bozdo\u011fanl\u0131 sporcular, \u015fampiyonadan madalyalarla d\u00f6nd\u00fc.<br \/>\n<br \/>Bozdo\u011fan \u0130smet Sezgin Mesleki ve Teknik Anadolu Lisesi \u00f6\u011frencileri, bilek g\u00fcre\u015fi bran\u015f\u0131nda \u00f6nemli bir ba\u015far\u0131ya imza att\u0131. Ayd\u0131n birincisi olarak 4 \u00f6\u011frenciyle Mu\u011fla\u2019da d\u00fczenlenen Bilek G\u00fcre\u015fi Gen\u00e7 Erkekler\/K\u0131zlar Grup Birincili\u011fi M\u00fcsabakalar\u0131na kat\u0131lan ekip, 2 alt\u0131n ve 1 g\u00fcm\u00fc\u015f madalya kazanarak Bozdo\u011fan\u2019\u0131 gururland\u0131rd\u0131. 9. s\u0131n\u0131f \u00f6\u011frencisi Ard\u0131n\u00e7 G\u00f6kbel, 75 kilo \u00fcst\u00fc kategorisinde sol kolda ikinci, sa\u011f kolda birinci oldu. 9. s\u0131n\u0131f \u00f6\u011frencisi S\u00fczan Sava\u015f ise 40 kilo kategorisinde sol kolda birincilik elde etti. Bu sonu\u00e7larla her iki sporcu da T\u00fcrkiye finallerine kat\u0131lmayahakkazand\u0131.<br \/><\/p>\n","protected":false},"excerpt":{"rendered":"<p>Mu\u011fla\u2019da d\u00fczenlenen Bilek G\u00fcre\u015fi Gen\u00e7 Erkekler\/K\u0131zlar Grup Birincili\u011fi M\u00fcsabakalar\u0131\u2019nda Ayd\u0131n\u2019\u0131 temsil eden Bozdo\u011fanl\u0131 sporcular, \u015fampiyonadan madalyalarla d\u00f6nd\u00fc. Bozdo\u011fan \u0130smet Sezgin Mesleki ve Teknik Anadolu Lisesi \u00f6\u011frencileri, bilek g\u00fcre\u015fi bran\u015f\u0131nda \u00f6nemli bir ba\u015far\u0131ya imza att\u0131. Ayd\u0131n birincisi olarak 4 \u00f6\u011frenciyle Mu\u011fla\u2019da d\u00fczenlenen Bilek G\u00fcre\u015fi Gen\u00e7 Erkekler\/K\u0131zlar Grup Birincili\u011fi M\u00fcsabakalar\u0131na kat\u0131lan ekip, 2 alt\u0131n ve 1 g\u00fcm\u00fc\u015f&#8230;<\/p>\n","protected":false},"author":1,"featured_media":25893,"comment_status":"open","ping_status":"open","sticky":false,"template":"","format":"standard","meta":{"_crdt_document":"","footnotes":""},"categories":[4],"tags":[],"class_list":["post-25892","post","type-post","status-publish","format-standard","has-post-thumbnail","hentry","category-spor"],"_links":{"self":[{"href":"https:\/\/www.egemtv.com\/index.php?rest_route=\/wp\/v2\/posts\/25892","targetHints":{"allow":["GET"]}}],"collection":[{"href":"https:\/\/www.egemtv.com\/index.php?rest_route=\/wp\/v2\/posts"}],"about":[{"href":"https:\/\/www.egemtv.com\/index.php?rest_route=\/wp\/v2\/types\/post"}],"author":[{"embeddable":true,"href":"https:\/\/www.egemtv.com\/index.php?rest_route=\/wp\/v2\/users\/1"}],"replies":[{"embeddable":true,"href":"https:\/\/www.egemtv.com\/index.php?rest_route=%2Fwp%2Fv2%2Fcomments&post=25892"}],"version-history":[{"count":1,"href":"https:\/\/www.egemtv.com\/index.php?rest_route=\/wp\/v2\/posts\/25892\/revisions"}],"predecessor-version":[{"id":25894,"href":"https:\/\/www.egemtv.com\/index.php?rest_route=\/wp\/v2\/posts\/25892\/revisions\/25894"}],"wp:featuredmedia":[{"embeddable":true,"href":"https:\/\/www.egemtv.com\/index.php?rest_route=\/wp\/v2\/media\/25893"}],"wp:attachment":[{"href":"https:\/\/www.egemtv.com\/index.php?rest_route=%2Fwp%2Fv2%2Fmedia&parent=25892"}],"wp:term":[{"taxonomy":"category","embeddable":true,"href":"https:\/\/www.egemtv.com\/index.php?rest_route=%2Fwp%2Fv2%2Fcategories&post=25892"},{"taxonomy":"post_tag","embeddable":true,"href":"https:\/\/www.egemtv.com\/index.php?rest_route=%2Fwp%2Fv2%2Ftags&post=25892"}],"curies":[{"name":"wp","href":"https:\/\/api.w.org\/{rel}","templated":true}]}}