{"id":25889,"date":"2025-03-22T13:24:58","date_gmt":"2025-03-22T10:24:58","guid":{"rendered":"https:\/\/www.egemtv.com\/?p=25889"},"modified":"2025-03-22T13:25:03","modified_gmt":"2025-03-22T10:25:03","slug":"kocarlida-okul-servisleri-denetlendi","status":"publish","type":"post","link":"https:\/\/www.egemtv.com\/?p=25889","title":{"rendered":"Ko\u00e7arl\u0131\u2019da okul servisleri denetlendi"},"content":{"rendered":"<p>Ayd\u0131n\u2019\u0131n Ko\u00e7arl\u0131 il\u00e7esinde jandarma ekiplerince okul servislerinde denetim ger\u00e7ekle\u015ftirildi.<br \/>\n<br \/>Ayd\u0131n \u0130l Jandarma Komutanl\u0131\u011f\u0131 Trafik \u015eube M\u00fcd\u00fcrl\u00fc\u011f\u00fcne ba\u011fl\u0131 Trafik Jandarmas\u0131 taraf\u0131ndan Ko\u00e7arl\u0131 il\u00e7esinde \u00f6\u011frencilerimizin huzur ve g\u00fcven i\u00e7erisinde e\u011fitim g\u00f6rmeleri amac\u0131yla okul \u00e7evreleri ve \u00f6\u011frenci ta\u015f\u0131mac\u0131l\u0131\u011f\u0131 yapan servisler kontrol edildi. Okul servislerindeki gerekli kontrollerin yap\u0131lmas\u0131n\u0131n yan\u0131 s\u0131ra \u00f6\u011frencilerin okul servis ara\u00e7lar\u0131nda uymas\u0131 gereken kurallar, emniyet kemerinin \u00f6nemi ile ilgili \u00f6\u011frenci ve servis s\u00fcr\u00fcc\u00fcleri bilgilendirildi.<br \/><\/p>\n","protected":false},"excerpt":{"rendered":"<p>Ayd\u0131n\u2019\u0131n Ko\u00e7arl\u0131 il\u00e7esinde jandarma ekiplerince okul servislerinde denetim ger\u00e7ekle\u015ftirildi. Ayd\u0131n \u0130l Jandarma Komutanl\u0131\u011f\u0131 Trafik \u015eube M\u00fcd\u00fcrl\u00fc\u011f\u00fcne ba\u011fl\u0131 Trafik Jandarmas\u0131 taraf\u0131ndan Ko\u00e7arl\u0131 il\u00e7esinde \u00f6\u011frencilerimizin huzur ve g\u00fcven i\u00e7erisinde e\u011fitim g\u00f6rmeleri amac\u0131yla okul \u00e7evreleri ve \u00f6\u011frenci ta\u015f\u0131mac\u0131l\u0131\u011f\u0131 yapan servisler kontrol edildi. Okul servislerindeki gerekli kontrollerin yap\u0131lmas\u0131n\u0131n yan\u0131 s\u0131ra \u00f6\u011frencilerin okul servis ara\u00e7lar\u0131nda uymas\u0131 gereken kurallar, emniyet kemerinin&#8230;<\/p>\n","protected":false},"author":1,"featured_media":25890,"comment_status":"open","ping_status":"open","sticky":false,"template":"","format":"standard","meta":{"_crdt_document":"","footnotes":""},"categories":[1],"tags":[],"class_list":["post-25889","post","type-post","status-publish","format-standard","has-post-thumbnail","hentry","category-guncel"],"_links":{"self":[{"href":"https:\/\/www.egemtv.com\/index.php?rest_route=\/wp\/v2\/posts\/25889","targetHints":{"allow":["GET"]}}],"collection":[{"href":"https:\/\/www.egemtv.com\/index.php?rest_route=\/wp\/v2\/posts"}],"about":[{"href":"https:\/\/www.egemtv.com\/index.php?rest_route=\/wp\/v2\/types\/post"}],"author":[{"embeddable":true,"href":"https:\/\/www.egemtv.com\/index.php?rest_route=\/wp\/v2\/users\/1"}],"replies":[{"embeddable":true,"href":"https:\/\/www.egemtv.com\/index.php?rest_route=%2Fwp%2Fv2%2Fcomments&post=25889"}],"version-history":[{"count":1,"href":"https:\/\/www.egemtv.com\/index.php?rest_route=\/wp\/v2\/posts\/25889\/revisions"}],"predecessor-version":[{"id":25891,"href":"https:\/\/www.egemtv.com\/index.php?rest_route=\/wp\/v2\/posts\/25889\/revisions\/25891"}],"wp:featuredmedia":[{"embeddable":true,"href":"https:\/\/www.egemtv.com\/index.php?rest_route=\/wp\/v2\/media\/25890"}],"wp:attachment":[{"href":"https:\/\/www.egemtv.com\/index.php?rest_route=%2Fwp%2Fv2%2Fmedia&parent=25889"}],"wp:term":[{"taxonomy":"category","embeddable":true,"href":"https:\/\/www.egemtv.com\/index.php?rest_route=%2Fwp%2Fv2%2Fcategories&post=25889"},{"taxonomy":"post_tag","embeddable":true,"href":"https:\/\/www.egemtv.com\/index.php?rest_route=%2Fwp%2Fv2%2Ftags&post=25889"}],"curies":[{"name":"wp","href":"https:\/\/api.w.org\/{rel}","templated":true}]}}