{"id":25883,"date":"2025-03-22T13:04:55","date_gmt":"2025-03-22T10:04:55","guid":{"rendered":"https:\/\/www.egemtv.com\/?p=25883"},"modified":"2025-03-22T13:04:58","modified_gmt":"2025-03-22T10:04:58","slug":"gedizliler-meyve-fidanlarina-yogun-ilgi-gosteriyor","status":"publish","type":"post","link":"https:\/\/www.egemtv.com\/?p=25883","title":{"rendered":"Gedizliler meyve fidanlar\u0131na yo\u011fun ilgi g\u00f6steriyor"},"content":{"rendered":"<p>K\u00fctahya\u2019n\u0131n Gediz il\u00e7esinde, bahar\u0131n m\u00fcjdecisi olan fidan dikim sezonuyla birlikte fidan sat\u0131\u015f\u0131 yapan esnaflar yo\u011fun bir d\u00f6neme girdi. Gedizliler, topraklar\u0131n\u0131 bereketlendirmek ve kendi meyvelerini yeti\u015ftirmek i\u00e7in fidan sat\u0131\u015f noktalar\u0131na ak\u0131n ediyor.<br \/>\n<br \/>Gediz\u2019de ya\u015fayan vatanda\u015flar, \u00f6zellikle elma, h\u00fcnnap, cennet hurmas\u0131, \u015feftali, kay\u0131s\u0131, vi\u015fne, ayva ve ceviz gibi meyve fidanlar\u0131na yo\u011fun ilgi g\u00f6steriyor. \u0130l\u00e7enin iklim ve toprak yap\u0131s\u0131na uygun olan bu fidanlar, Gedizlilerin bah\u00e7elerini ve tarlalar\u0131n\u0131 s\u00fcsl\u00fcyor.<br \/>\n<br \/>Her hafta Cumartesi g\u00fcnleri \u0130zmir \u00d6demi\u015f\u2019ten Gediz\u2019e fidan sat\u0131\u015f\u0131 yapmak i\u00e7in gelen esnaf U\u011fur Y\u0131lmaz, sat\u0131\u015flardan olduk\u00e7a memnun. 15 y\u0131ld\u0131r Gediz\u2019e fidan getirdi\u011fini belirten Y\u0131lmaz, &#8220;Ticaretle u\u011fra\u015f\u0131yoruz, fidan \u00fcretiyoruz, kendi meyve fidanlar\u0131m\u0131z var. Kendi \u00fcretim saham\u0131z \u0130zmir \u00d6demi\u015f. Gediz\u2019e 15 y\u0131ld\u0131r geliyoruz. Meyve \u00e7e\u015fitlerimiz \u015feftali, kay\u0131s\u0131, kiraz, badem, ceviz, hurma, ahududu, b\u00f6\u011f\u00fcrtlen, nar, kestane, badem, ayva, elma her \u00e7e\u015fit fidan \u00e7e\u015fitlerimiz mevcuttur&#8221; dedi.<br \/>\n<br \/>Y\u0131lmaz, fidan fiyatlar\u0131n\u0131n 50-100 TL aras\u0131nda de\u011fi\u015fti\u011fini ve t\u00fcm \u00fcr\u00fcnlerinin a\u015f\u0131l\u0131, garantili ve sertifikal\u0131 oldu\u011funu vurgulad\u0131. Gediz\u2019de fidan dikimi i\u00e7in en uygun zaman\u0131n Mart ay\u0131n\u0131n 25-30 aras\u0131 oldu\u011funu belirten Y\u0131lmaz, &#8220;Marttan sonra nisan ay\u0131nda dikim olmamas\u0131 \u015fart\u0131yla \u00fcr\u00fcnlerimize garanti veremiyoruz. Daha sonra t\u00fcpl\u00fc ve po\u015fetli fidanlara ge\u00e7iyoruz.&#8221; ifadelerini kulland\u0131.<br \/>\n<br \/>Gediz halk\u0131n\u0131n en \u00e7ok elma, h\u00fcnnap, cennet hurmas\u0131, \u015feftali, kay\u0131s\u0131, vi\u015fne, ayva ve ceviz gibi \u00e7e\u015fitlere \u00f6nem g\u00f6sterdi\u011fini belirten Y\u0131lmaz, bu seneki sat\u0131\u015flar\u0131n ge\u00e7en y\u0131la g\u00f6re biraz daha iyi oldu\u011funu s\u00f6yledi.<br \/>\n<br \/>Gediz\u2019de fidan dikim sezonunun ba\u015flamas\u0131yla birlikte, il\u00e7ede bahar bereketi ya\u015fan\u0131yor. Vatanda\u015flar, topraklar\u0131n\u0131 meyve fidanlar\u0131yla bulu\u015fturarak hem kendi sa\u011fl\u0131klar\u0131na katk\u0131da bulunuyor hem de Gediz\u2019in ye\u015fil dokusunu zenginle\u015ftiriyor.<br \/><\/p>\n","protected":false},"excerpt":{"rendered":"<p>K\u00fctahya\u2019n\u0131n Gediz il\u00e7esinde, bahar\u0131n m\u00fcjdecisi olan fidan dikim sezonuyla birlikte fidan sat\u0131\u015f\u0131 yapan esnaflar yo\u011fun bir d\u00f6neme girdi. Gedizliler, topraklar\u0131n\u0131 bereketlendirmek ve kendi meyvelerini yeti\u015ftirmek i\u00e7in fidan sat\u0131\u015f noktalar\u0131na ak\u0131n ediyor. Gediz\u2019de ya\u015fayan vatanda\u015flar, \u00f6zellikle elma, h\u00fcnnap, cennet hurmas\u0131, \u015feftali, kay\u0131s\u0131, vi\u015fne, ayva ve ceviz gibi meyve fidanlar\u0131na yo\u011fun ilgi g\u00f6steriyor. \u0130l\u00e7enin iklim ve toprak&#8230;<\/p>\n","protected":false},"author":1,"featured_media":25884,"comment_status":"open","ping_status":"open","sticky":false,"template":"","format":"standard","meta":{"_crdt_document":"","footnotes":""},"categories":[123],"tags":[],"class_list":["post-25883","post","type-post","status-publish","format-standard","has-post-thumbnail","hentry","category-gundem"],"_links":{"self":[{"href":"https:\/\/www.egemtv.com\/index.php?rest_route=\/wp\/v2\/posts\/25883","targetHints":{"allow":["GET"]}}],"collection":[{"href":"https:\/\/www.egemtv.com\/index.php?rest_route=\/wp\/v2\/posts"}],"about":[{"href":"https:\/\/www.egemtv.com\/index.php?rest_route=\/wp\/v2\/types\/post"}],"author":[{"embeddable":true,"href":"https:\/\/www.egemtv.com\/index.php?rest_route=\/wp\/v2\/users\/1"}],"replies":[{"embeddable":true,"href":"https:\/\/www.egemtv.com\/index.php?rest_route=%2Fwp%2Fv2%2Fcomments&post=25883"}],"version-history":[{"count":1,"href":"https:\/\/www.egemtv.com\/index.php?rest_route=\/wp\/v2\/posts\/25883\/revisions"}],"predecessor-version":[{"id":25885,"href":"https:\/\/www.egemtv.com\/index.php?rest_route=\/wp\/v2\/posts\/25883\/revisions\/25885"}],"wp:featuredmedia":[{"embeddable":true,"href":"https:\/\/www.egemtv.com\/index.php?rest_route=\/wp\/v2\/media\/25884"}],"wp:attachment":[{"href":"https:\/\/www.egemtv.com\/index.php?rest_route=%2Fwp%2Fv2%2Fmedia&parent=25883"}],"wp:term":[{"taxonomy":"category","embeddable":true,"href":"https:\/\/www.egemtv.com\/index.php?rest_route=%2Fwp%2Fv2%2Fcategories&post=25883"},{"taxonomy":"post_tag","embeddable":true,"href":"https:\/\/www.egemtv.com\/index.php?rest_route=%2Fwp%2Fv2%2Ftags&post=25883"}],"curies":[{"name":"wp","href":"https:\/\/api.w.org\/{rel}","templated":true}]}}