{"id":25880,"date":"2025-03-22T13:04:50","date_gmt":"2025-03-22T10:04:50","guid":{"rendered":"https:\/\/www.egemtv.com\/?p=25880"},"modified":"2025-03-22T13:04:55","modified_gmt":"2025-03-22T10:04:55","slug":"ogrenciler-jandarmayi-yakindan-tanidi","status":"publish","type":"post","link":"https:\/\/www.egemtv.com\/?p=25880","title":{"rendered":"\u00d6\u011frenciler jandarmay\u0131 yak\u0131ndan tan\u0131d\u0131"},"content":{"rendered":"<p>Ayd\u0131n\u2019\u0131n Efeler il\u00e7esinde ger\u00e7ekle\u015ftirilen etkinlikte lise \u00f6\u011frencileri jandarmay\u0131 yak\u0131ndan tan\u0131d\u0131, merak ettikleri sorulara yan\u0131t buldu.<br \/>\n<br \/>Ayd\u0131n \u0130l Jandarma Komutanl\u0131\u011f\u0131 koordinesinde Jandarma ve Sahil G\u00fcvenlik Akademisi Ba\u015fkanl\u0131\u011f\u0131n\u0131n (JSGA) tan\u0131t\u0131m\u0131 \u00e7al\u0131\u015fmalar\u0131 aral\u0131ks\u0131z s\u00fcr\u00fcyor. Bu \u00e7er\u00e7evede ekipler, Efeler il\u00e7esi Adnan Menderes Anadolu \u0130mam Hatip Lisesi\u2019nde \u00f6\u011fretmen ve \u00f6\u011frencilerle bir araya geldi. Yap\u0131lan etkinlikte \u00f6\u011frencilere JSGA tan\u0131t\u0131m\u0131 yap\u0131ld\u0131. Okul bah\u00e7esinde kurulan Ayd\u0131n \u0130l Jandarma Komutanl\u0131\u011f\u0131 tan\u0131t\u0131m stantlar\u0131 \u00f6\u011fretmen ve \u00f6\u011frenciler taraf\u0131ndan ziyaret edildi.<br \/><\/p>\n","protected":false},"excerpt":{"rendered":"<p>Ayd\u0131n\u2019\u0131n Efeler il\u00e7esinde ger\u00e7ekle\u015ftirilen etkinlikte lise \u00f6\u011frencileri jandarmay\u0131 yak\u0131ndan tan\u0131d\u0131, merak ettikleri sorulara yan\u0131t buldu. Ayd\u0131n \u0130l Jandarma Komutanl\u0131\u011f\u0131 koordinesinde Jandarma ve Sahil G\u00fcvenlik Akademisi Ba\u015fkanl\u0131\u011f\u0131n\u0131n (JSGA) tan\u0131t\u0131m\u0131 \u00e7al\u0131\u015fmalar\u0131 aral\u0131ks\u0131z s\u00fcr\u00fcyor. Bu \u00e7er\u00e7evede ekipler, Efeler il\u00e7esi Adnan Menderes Anadolu \u0130mam Hatip Lisesi\u2019nde \u00f6\u011fretmen ve \u00f6\u011frencilerle bir araya geldi. Yap\u0131lan etkinlikte \u00f6\u011frencilere JSGA tan\u0131t\u0131m\u0131 yap\u0131ld\u0131. Okul&#8230;<\/p>\n","protected":false},"author":1,"featured_media":25881,"comment_status":"open","ping_status":"open","sticky":false,"template":"","format":"standard","meta":{"_crdt_document":"","footnotes":""},"categories":[1],"tags":[],"class_list":["post-25880","post","type-post","status-publish","format-standard","has-post-thumbnail","hentry","category-guncel"],"_links":{"self":[{"href":"https:\/\/www.egemtv.com\/index.php?rest_route=\/wp\/v2\/posts\/25880","targetHints":{"allow":["GET"]}}],"collection":[{"href":"https:\/\/www.egemtv.com\/index.php?rest_route=\/wp\/v2\/posts"}],"about":[{"href":"https:\/\/www.egemtv.com\/index.php?rest_route=\/wp\/v2\/types\/post"}],"author":[{"embeddable":true,"href":"https:\/\/www.egemtv.com\/index.php?rest_route=\/wp\/v2\/users\/1"}],"replies":[{"embeddable":true,"href":"https:\/\/www.egemtv.com\/index.php?rest_route=%2Fwp%2Fv2%2Fcomments&post=25880"}],"version-history":[{"count":1,"href":"https:\/\/www.egemtv.com\/index.php?rest_route=\/wp\/v2\/posts\/25880\/revisions"}],"predecessor-version":[{"id":25882,"href":"https:\/\/www.egemtv.com\/index.php?rest_route=\/wp\/v2\/posts\/25880\/revisions\/25882"}],"wp:featuredmedia":[{"embeddable":true,"href":"https:\/\/www.egemtv.com\/index.php?rest_route=\/wp\/v2\/media\/25881"}],"wp:attachment":[{"href":"https:\/\/www.egemtv.com\/index.php?rest_route=%2Fwp%2Fv2%2Fmedia&parent=25880"}],"wp:term":[{"taxonomy":"category","embeddable":true,"href":"https:\/\/www.egemtv.com\/index.php?rest_route=%2Fwp%2Fv2%2Fcategories&post=25880"},{"taxonomy":"post_tag","embeddable":true,"href":"https:\/\/www.egemtv.com\/index.php?rest_route=%2Fwp%2Fv2%2Ftags&post=25880"}],"curies":[{"name":"wp","href":"https:\/\/api.w.org\/{rel}","templated":true}]}}