{"id":25877,"date":"2025-03-22T13:04:46","date_gmt":"2025-03-22T10:04:46","guid":{"rendered":"https:\/\/www.egemtv.com\/?p=25877"},"modified":"2025-03-22T13:04:50","modified_gmt":"2025-03-22T10:04:50","slug":"aydinda-5-duzensiz-gocmen-yakalandi","status":"publish","type":"post","link":"https:\/\/www.egemtv.com\/?p=25877","title":{"rendered":"Ayd\u0131n\u2019da 5 d\u00fczensiz g\u00f6\u00e7men yakaland\u0131"},"content":{"rendered":"<p>Ayd\u0131n\u2019\u0131n Germencik il\u00e7esinde yap\u0131lan otoyol kontrol \u00e7al\u0131\u015fmalar\u0131nda durdurulan ara\u00e7ta 5 d\u00fczensiz g\u00f6\u00e7men yakaland\u0131.<br \/>\n<br \/>Germencik il\u00e7esi Ayd\u0131n-\u0130zmir Otoyolu Germencik Gi\u015feleri\u2019nde H\u0131d\u0131rbeyli Otoyol Jandarma Karakol Komutanl\u0131\u011f\u0131 taraf\u0131ndan yol kontrol \u00e7al\u0131\u015fmas\u0131 ger\u00e7ekle\u015ftirildi. Yap\u0131lan kontroller esnas\u0131nda M.Y. idaresindeki arac\u0131 durduran jandarma ekipleri, yapt\u0131klar\u0131 incelemede ara\u00e7ta bulunan 5 d\u00fczensiz g\u00f6\u00e7meni yakalad\u0131. \u015e\u00fcpheli M.Y. hakk\u0131nda adli s\u00fcre\u00e7 ba\u015flat\u0131l\u0131rken, d\u00fczensiz g\u00f6\u00e7menler de gerekli i\u015flemlerinin ard\u0131ndan D\u00fczensiz G\u00f6\u00e7men \u00d6n Kabul ve Sevk Merkezi\u2019ne (G\u00d6KSEM) teslim edildi.<br \/><\/p>\n","protected":false},"excerpt":{"rendered":"<p>Ayd\u0131n\u2019\u0131n Germencik il\u00e7esinde yap\u0131lan otoyol kontrol \u00e7al\u0131\u015fmalar\u0131nda durdurulan ara\u00e7ta 5 d\u00fczensiz g\u00f6\u00e7men yakaland\u0131. Germencik il\u00e7esi Ayd\u0131n-\u0130zmir Otoyolu Germencik Gi\u015feleri\u2019nde H\u0131d\u0131rbeyli Otoyol Jandarma Karakol Komutanl\u0131\u011f\u0131 taraf\u0131ndan yol kontrol \u00e7al\u0131\u015fmas\u0131 ger\u00e7ekle\u015ftirildi. Yap\u0131lan kontroller esnas\u0131nda M.Y. idaresindeki arac\u0131 durduran jandarma ekipleri, yapt\u0131klar\u0131 incelemede ara\u00e7ta bulunan 5 d\u00fczensiz g\u00f6\u00e7meni yakalad\u0131. \u015e\u00fcpheli M.Y. hakk\u0131nda adli s\u00fcre\u00e7 ba\u015flat\u0131l\u0131rken, d\u00fczensiz g\u00f6\u00e7menler de&#8230;<\/p>\n","protected":false},"author":1,"featured_media":25878,"comment_status":"open","ping_status":"open","sticky":false,"template":"","format":"standard","meta":{"_crdt_document":"","footnotes":""},"categories":[5],"tags":[],"class_list":["post-25877","post","type-post","status-publish","format-standard","has-post-thumbnail","hentry","category-asayis"],"_links":{"self":[{"href":"https:\/\/www.egemtv.com\/index.php?rest_route=\/wp\/v2\/posts\/25877","targetHints":{"allow":["GET"]}}],"collection":[{"href":"https:\/\/www.egemtv.com\/index.php?rest_route=\/wp\/v2\/posts"}],"about":[{"href":"https:\/\/www.egemtv.com\/index.php?rest_route=\/wp\/v2\/types\/post"}],"author":[{"embeddable":true,"href":"https:\/\/www.egemtv.com\/index.php?rest_route=\/wp\/v2\/users\/1"}],"replies":[{"embeddable":true,"href":"https:\/\/www.egemtv.com\/index.php?rest_route=%2Fwp%2Fv2%2Fcomments&post=25877"}],"version-history":[{"count":1,"href":"https:\/\/www.egemtv.com\/index.php?rest_route=\/wp\/v2\/posts\/25877\/revisions"}],"predecessor-version":[{"id":25879,"href":"https:\/\/www.egemtv.com\/index.php?rest_route=\/wp\/v2\/posts\/25877\/revisions\/25879"}],"wp:featuredmedia":[{"embeddable":true,"href":"https:\/\/www.egemtv.com\/index.php?rest_route=\/wp\/v2\/media\/25878"}],"wp:attachment":[{"href":"https:\/\/www.egemtv.com\/index.php?rest_route=%2Fwp%2Fv2%2Fmedia&parent=25877"}],"wp:term":[{"taxonomy":"category","embeddable":true,"href":"https:\/\/www.egemtv.com\/index.php?rest_route=%2Fwp%2Fv2%2Fcategories&post=25877"},{"taxonomy":"post_tag","embeddable":true,"href":"https:\/\/www.egemtv.com\/index.php?rest_route=%2Fwp%2Fv2%2Ftags&post=25877"}],"curies":[{"name":"wp","href":"https:\/\/api.w.org\/{rel}","templated":true}]}}