{"id":25874,"date":"2025-03-22T13:04:42","date_gmt":"2025-03-22T10:04:42","guid":{"rendered":"https:\/\/www.egemtv.com\/?p=25874"},"modified":"2025-03-22T13:04:46","modified_gmt":"2025-03-22T10:04:46","slug":"gediz-genc-kizilay-gonulluleri-ramazan-ayinda-500-aileye-ulasti","status":"publish","type":"post","link":"https:\/\/www.egemtv.com\/?p=25874","title":{"rendered":"Gediz Gen\u00e7 K\u0131z\u0131lay G\u00f6n\u00fcll\u00fcleri Ramazan ay\u0131nda 500 aileye ula\u015ft\u0131"},"content":{"rendered":"<p>K\u00fctahya\u2019n\u0131n Gediz il\u00e7esinde, Gen\u00e7 K\u0131z\u0131lay g\u00f6n\u00fcll\u00fcleri Ramazan ay\u0131nda ihtiya\u00e7 sahibi ailelere yard\u0131m eli uzatt\u0131.<br \/>\n<br \/>Gen\u00e7 K\u0131z\u0131lay g\u00f6n\u00fcll\u00fcleri, il\u00e7eye ba\u011fl\u0131 57 k\u00f6y\u00fcn 47\u2019sinde aktif olarak \u00e7al\u0131\u015ft\u0131. K\u00f6ylerde ya\u015fayan ihtiya\u00e7 sahibi ailelere g\u0131da kolisi ve nakdi yard\u0131m ula\u015ft\u0131r\u0131ld\u0131. Ayr\u0131ca, 86 aileye de 3\u2019er bin lira nakdi yard\u0131m yap\u0131ld\u0131.<br \/>\n<br \/>Hay\u0131rseverlerin destekleriyle her ge\u00e7en g\u00fcn daha fazla ihtiya\u00e7 sahibi vatanda\u015fa ula\u015fan Gen\u00e7 K\u0131z\u0131lay g\u00f6n\u00fcll\u00fcleri, yard\u0131mlar\u0131na y\u0131l boyunca devam edecek.<br \/>\n<br \/>Konuyla ilgili a\u00e7\u0131klama yapan K\u0131z\u0131lay Gen\u00e7 G\u00f6n\u00fcll\u00fcler Ba\u015fkan\u0131 Emrah \u00d6zsoy, Ramazan ay\u0131 boyunca yo\u011fun bir \u00e7al\u0131\u015fma y\u00fcr\u00fctt\u00fcklerini belirterek, &#8220;Ramazan ay\u0131nda \u2019\u00e7al\u0131nmad\u0131k kap\u0131, girilmedik g\u00f6n\u00fcl b\u0131rakmamak\u2019 i\u00e7in \u00e7al\u0131\u015ft\u0131k. G\u00f6n\u00fcll\u00fc arkada\u015flar\u0131m\u0131zla birlikte gece g\u00fcnd\u00fcz demeden ihtiya\u00e7 sahibi ailelerimizin yan\u0131nda olduk. Hay\u0131rseverlerimizin destekleriyle 500 aileye ula\u015ft\u0131k. Yard\u0131mlar\u0131m\u0131z sadece Ramazan ay\u0131yla s\u0131n\u0131rl\u0131 kalmayacak, y\u0131l boyunca ihtiya\u00e7 sahibi vatanda\u015flar\u0131m\u0131z\u0131n yan\u0131nda olmaya devam edece\u011fiz&#8221; dedi.<br \/><\/p>\n","protected":false},"excerpt":{"rendered":"<p>K\u00fctahya\u2019n\u0131n Gediz il\u00e7esinde, Gen\u00e7 K\u0131z\u0131lay g\u00f6n\u00fcll\u00fcleri Ramazan ay\u0131nda ihtiya\u00e7 sahibi ailelere yard\u0131m eli uzatt\u0131. Gen\u00e7 K\u0131z\u0131lay g\u00f6n\u00fcll\u00fcleri, il\u00e7eye ba\u011fl\u0131 57 k\u00f6y\u00fcn 47\u2019sinde aktif olarak \u00e7al\u0131\u015ft\u0131. K\u00f6ylerde ya\u015fayan ihtiya\u00e7 sahibi ailelere g\u0131da kolisi ve nakdi yard\u0131m ula\u015ft\u0131r\u0131ld\u0131. Ayr\u0131ca, 86 aileye de 3\u2019er bin lira nakdi yard\u0131m yap\u0131ld\u0131. Hay\u0131rseverlerin destekleriyle her ge\u00e7en g\u00fcn daha fazla ihtiya\u00e7 sahibi&#8230;<\/p>\n","protected":false},"author":1,"featured_media":25875,"comment_status":"open","ping_status":"open","sticky":false,"template":"","format":"standard","meta":{"_crdt_document":"","footnotes":""},"categories":[123],"tags":[],"class_list":["post-25874","post","type-post","status-publish","format-standard","has-post-thumbnail","hentry","category-gundem"],"_links":{"self":[{"href":"https:\/\/www.egemtv.com\/index.php?rest_route=\/wp\/v2\/posts\/25874","targetHints":{"allow":["GET"]}}],"collection":[{"href":"https:\/\/www.egemtv.com\/index.php?rest_route=\/wp\/v2\/posts"}],"about":[{"href":"https:\/\/www.egemtv.com\/index.php?rest_route=\/wp\/v2\/types\/post"}],"author":[{"embeddable":true,"href":"https:\/\/www.egemtv.com\/index.php?rest_route=\/wp\/v2\/users\/1"}],"replies":[{"embeddable":true,"href":"https:\/\/www.egemtv.com\/index.php?rest_route=%2Fwp%2Fv2%2Fcomments&post=25874"}],"version-history":[{"count":1,"href":"https:\/\/www.egemtv.com\/index.php?rest_route=\/wp\/v2\/posts\/25874\/revisions"}],"predecessor-version":[{"id":25876,"href":"https:\/\/www.egemtv.com\/index.php?rest_route=\/wp\/v2\/posts\/25874\/revisions\/25876"}],"wp:featuredmedia":[{"embeddable":true,"href":"https:\/\/www.egemtv.com\/index.php?rest_route=\/wp\/v2\/media\/25875"}],"wp:attachment":[{"href":"https:\/\/www.egemtv.com\/index.php?rest_route=%2Fwp%2Fv2%2Fmedia&parent=25874"}],"wp:term":[{"taxonomy":"category","embeddable":true,"href":"https:\/\/www.egemtv.com\/index.php?rest_route=%2Fwp%2Fv2%2Fcategories&post=25874"},{"taxonomy":"post_tag","embeddable":true,"href":"https:\/\/www.egemtv.com\/index.php?rest_route=%2Fwp%2Fv2%2Ftags&post=25874"}],"curies":[{"name":"wp","href":"https:\/\/api.w.org\/{rel}","templated":true}]}}