{"id":25871,"date":"2025-03-22T12:26:54","date_gmt":"2025-03-22T09:26:54","guid":{"rendered":"https:\/\/www.egemtv.com\/?p=25871"},"modified":"2025-03-22T12:26:59","modified_gmt":"2025-03-22T09:26:59","slug":"ispartada-otomobil-ile-motosiklet-carpisti-14-yasindaki-surucu-yaralandi","status":"publish","type":"post","link":"https:\/\/www.egemtv.com\/?p=25871","title":{"rendered":"Isparta\u2019da otomobil ile motosiklet \u00e7arp\u0131\u015ft\u0131: 14 ya\u015f\u0131ndaki s\u00fcr\u00fcc\u00fc yaraland\u0131"},"content":{"rendered":"<p>Isparta\u2019n\u0131n Yalva\u00e7 il\u00e7esinde 80 ya\u015f\u0131ndaki s\u00fcr\u00fcc\u00fcn\u00fcn kulland\u0131\u011f\u0131 otomobil ile 14 ya\u015f\u0131ndaki ehliyetsiz s\u00fcr\u00fcc\u00fcn\u00fcn motosikleti \u00e7arp\u0131\u015ft\u0131. Kazada motosiklet s\u00fcr\u00fcc\u00fcs\u00fc yaraland\u0131.<br \/>\n<br \/>Kaza, saat 10.20 s\u0131ralar\u0131nda Yalva\u00e7 il\u00e7esi Pazara\u015fa\u011f\u0131 Mahallesi\u2019nde meydana geldi. Edinilen bilgilere g\u00f6re, 80 ya\u015f\u0131ndaki Etem Y. y\u00f6netimindeki 32 ACT 036 plakal\u0131 Tofa\u015f marka otomobil ile 14 ya\u015f\u0131ndaki E.A.\u2019n\u0131n kulland\u0131\u011f\u0131 32 AFH 183 plakal\u0131 motosiklet \u00e7arp\u0131\u015ft\u0131. Kazada motosiklet s\u00fcr\u00fcc\u00fcs\u00fc E.A. yaraland\u0131. Kazay\u0131 g\u00f6renlerin 112 Acil \u00c7a\u011fr\u0131 Merkezi\u2019ne ihbarda bulunmas\u0131 \u00fczerine olay yerine polis ve sa\u011fl\u0131k ekipleri sevk edildi. Sa\u011fl\u0131k ekiplerinin ilk m\u00fcdahalesinin ard\u0131ndan yaral\u0131 s\u00fcr\u00fcc\u00fc ambulansla hastaneye kald\u0131r\u0131ld\u0131. Polis ekiplerinin incelemesinde, 14 ya\u015f\u0131ndaki motosiklet s\u00fcr\u00fcc\u00fcs\u00fcn\u00fcn ehliyetsiz oldu\u011fu tespit edildi. Kazayla inceleme ba\u015flat\u0131ld\u0131.<br \/><\/p>\n","protected":false},"excerpt":{"rendered":"<p>Isparta\u2019n\u0131n Yalva\u00e7 il\u00e7esinde 80 ya\u015f\u0131ndaki s\u00fcr\u00fcc\u00fcn\u00fcn kulland\u0131\u011f\u0131 otomobil ile 14 ya\u015f\u0131ndaki ehliyetsiz s\u00fcr\u00fcc\u00fcn\u00fcn motosikleti \u00e7arp\u0131\u015ft\u0131. Kazada motosiklet s\u00fcr\u00fcc\u00fcs\u00fc yaraland\u0131. Kaza, saat 10.20 s\u0131ralar\u0131nda Yalva\u00e7 il\u00e7esi Pazara\u015fa\u011f\u0131 Mahallesi\u2019nde meydana geldi. Edinilen bilgilere g\u00f6re, 80 ya\u015f\u0131ndaki Etem Y. y\u00f6netimindeki 32 ACT 036 plakal\u0131 Tofa\u015f marka otomobil ile 14 ya\u015f\u0131ndaki E.A.\u2019n\u0131n kulland\u0131\u011f\u0131 32 AFH 183 plakal\u0131 motosiklet \u00e7arp\u0131\u015ft\u0131&#8230;.<\/p>\n","protected":false},"author":1,"featured_media":25872,"comment_status":"open","ping_status":"open","sticky":false,"template":"","format":"standard","meta":{"_crdt_document":"","footnotes":""},"categories":[5],"tags":[],"class_list":["post-25871","post","type-post","status-publish","format-standard","has-post-thumbnail","hentry","category-asayis"],"_links":{"self":[{"href":"https:\/\/www.egemtv.com\/index.php?rest_route=\/wp\/v2\/posts\/25871","targetHints":{"allow":["GET"]}}],"collection":[{"href":"https:\/\/www.egemtv.com\/index.php?rest_route=\/wp\/v2\/posts"}],"about":[{"href":"https:\/\/www.egemtv.com\/index.php?rest_route=\/wp\/v2\/types\/post"}],"author":[{"embeddable":true,"href":"https:\/\/www.egemtv.com\/index.php?rest_route=\/wp\/v2\/users\/1"}],"replies":[{"embeddable":true,"href":"https:\/\/www.egemtv.com\/index.php?rest_route=%2Fwp%2Fv2%2Fcomments&post=25871"}],"version-history":[{"count":1,"href":"https:\/\/www.egemtv.com\/index.php?rest_route=\/wp\/v2\/posts\/25871\/revisions"}],"predecessor-version":[{"id":25873,"href":"https:\/\/www.egemtv.com\/index.php?rest_route=\/wp\/v2\/posts\/25871\/revisions\/25873"}],"wp:featuredmedia":[{"embeddable":true,"href":"https:\/\/www.egemtv.com\/index.php?rest_route=\/wp\/v2\/media\/25872"}],"wp:attachment":[{"href":"https:\/\/www.egemtv.com\/index.php?rest_route=%2Fwp%2Fv2%2Fmedia&parent=25871"}],"wp:term":[{"taxonomy":"category","embeddable":true,"href":"https:\/\/www.egemtv.com\/index.php?rest_route=%2Fwp%2Fv2%2Fcategories&post=25871"},{"taxonomy":"post_tag","embeddable":true,"href":"https:\/\/www.egemtv.com\/index.php?rest_route=%2Fwp%2Fv2%2Ftags&post=25871"}],"curies":[{"name":"wp","href":"https:\/\/api.w.org\/{rel}","templated":true}]}}