{"id":25868,"date":"2025-03-22T11:44:19","date_gmt":"2025-03-22T08:44:19","guid":{"rendered":"https:\/\/www.egemtv.com\/?p=25868"},"modified":"2025-03-22T11:44:22","modified_gmt":"2025-03-22T08:44:22","slug":"msku-yokak-tarafindan-akredite-edildi","status":"publish","type":"post","link":"https:\/\/www.egemtv.com\/?p=25868","title":{"rendered":"MSK\u00dc, Y\u00d6KAK taraf\u0131ndan akredite edildi"},"content":{"rendered":"<p>Mu\u011fla S\u0131tk\u0131 Ko\u00e7man \u00dcniversitesi, Y\u00fcksek\u00f6\u011fretim Kalite Kurulu (Y\u00d6KAK) taraf\u0131ndan y\u00fcr\u00fct\u00fclen 2024 Y\u0131l\u0131 Kurumsal Akreditasyon Program\u0131 (KAP) kapsam\u0131nda Y\u00d6KAK\u2019\u0131n 21.03.2025 tarihli karar\u0131 ile 21.03.2027 tarihine kadar akredite edildi.<br \/>\n<br \/>Kurumsal Akreditasyon Program\u0131 kapsam\u0131nda Y\u00d6KAK De\u011ferlendirme Tak\u0131m\u0131n\u0131n 2024 y\u0131l\u0131nda yapm\u0131\u015f oldu\u011fu incelemeler sonucu verilen bu karar, MSK\u00dc\u2019n\u00fcn kalite g\u00fcvencesi \u00e7al\u0131\u015fmalar\u0131 ile ula\u015ft\u0131\u011f\u0131 olgunluk d\u00fczeyi a\u00e7\u0131s\u0131ndan belirli bir ba\u015far\u0131y\u0131 yakalad\u0131\u011f\u0131n\u0131 g\u00f6steriyor. \u00c7al\u0131\u015fmalar bu noktadan sonra kurum y\u00f6neticilerinin liderli\u011finde, t\u00fcm personelin ve \u00f6\u011frencilerin kat\u0131l\u0131m\u0131 ile h\u0131z kesmeden s\u00fcrd\u00fcr\u00fclecek.<br \/>\n<br \/>Kurumsal akreditasyonun \u00fcniversite ve payda\u015flar\u0131 i\u00e7in anlam\u0131 nedir?<br \/>\n<br \/>\u00dcniversitenin, e\u011fitim-\u00f6\u011fretim, ara\u015ft\u0131rma-geli\u015ftirme ve toplumsal katk\u0131 temel faaliyet alanlar\u0131nda sunmu\u015f oldu\u011fu hizmetler kapsam\u0131nda kamuoyuna vadetti\u011fi hedeflere ula\u015fmay\u0131 g\u00fcvence alt\u0131na almak i\u00e7in gerekli y\u00f6netim mekanizmalar\u0131n\u0131 kurgulama ve \u00e7al\u0131\u015ft\u0131rmada belirli bir standart ve olgunluk noktas\u0131na ula\u015ft\u0131\u011f\u0131n\u0131 ifade eder.<br \/>\n<br \/>\u00dcniversitenin, s\u00f6z konusu s\u00fcre\u00e7lerin geli\u015ftirilmesinde i\u00e7 ve d\u0131\u015f payda\u015flar\u0131n kat\u0131l\u0131m\u0131n\u0131 \u00f6nemsedi\u011fi anlam\u0131na gelir. \u00d6\u011frenci geri bildirimlerinin dikkate al\u0131narak karar alma s\u00fcre\u00e7lerine yans\u0131t\u0131lmas\u0131 a\u00e7\u0131s\u0131ndan ortaya koyulan kurumsal iradeyi vurgular. E\u011fitim programlar\u0131n\u0131n, \u00e7a\u011f\u0131n gerekleri ve \u00f6\u011frenci merkezli \u00f6\u011frenme anlay\u0131\u015f\u0131 temelinde sistemli bi\u00e7imde g\u00fcncellenmesi; e\u011fitim-\u00f6\u011fretim, ara\u015ft\u0131rma ve toplumsal katk\u0131 ile ilgili yetkinliklerin geli\u015ftirilmesi \u00e7er\u00e7evesinde konular\u0131n sistematik bi\u00e7imde ele al\u0131nmas\u0131 Kurumsal Akreditasyon ile sa\u011flanan kazan\u0131mlar aras\u0131ndad\u0131r.<br \/><\/p>\n","protected":false},"excerpt":{"rendered":"<p>Mu\u011fla S\u0131tk\u0131 Ko\u00e7man \u00dcniversitesi, Y\u00fcksek\u00f6\u011fretim Kalite Kurulu (Y\u00d6KAK) taraf\u0131ndan y\u00fcr\u00fct\u00fclen 2024 Y\u0131l\u0131 Kurumsal Akreditasyon Program\u0131 (KAP) kapsam\u0131nda Y\u00d6KAK\u2019\u0131n 21.03.2025 tarihli karar\u0131 ile 21.03.2027 tarihine kadar akredite edildi. Kurumsal Akreditasyon Program\u0131 kapsam\u0131nda Y\u00d6KAK De\u011ferlendirme Tak\u0131m\u0131n\u0131n 2024 y\u0131l\u0131nda yapm\u0131\u015f oldu\u011fu incelemeler sonucu verilen bu karar, MSK\u00dc\u2019n\u00fcn kalite g\u00fcvencesi \u00e7al\u0131\u015fmalar\u0131 ile ula\u015ft\u0131\u011f\u0131 olgunluk d\u00fczeyi a\u00e7\u0131s\u0131ndan belirli bir ba\u015far\u0131y\u0131&#8230;<\/p>\n","protected":false},"author":1,"featured_media":25869,"comment_status":"open","ping_status":"open","sticky":false,"template":"","format":"standard","meta":{"_crdt_document":"","footnotes":""},"categories":[1],"tags":[],"class_list":["post-25868","post","type-post","status-publish","format-standard","has-post-thumbnail","hentry","category-guncel"],"_links":{"self":[{"href":"https:\/\/www.egemtv.com\/index.php?rest_route=\/wp\/v2\/posts\/25868","targetHints":{"allow":["GET"]}}],"collection":[{"href":"https:\/\/www.egemtv.com\/index.php?rest_route=\/wp\/v2\/posts"}],"about":[{"href":"https:\/\/www.egemtv.com\/index.php?rest_route=\/wp\/v2\/types\/post"}],"author":[{"embeddable":true,"href":"https:\/\/www.egemtv.com\/index.php?rest_route=\/wp\/v2\/users\/1"}],"replies":[{"embeddable":true,"href":"https:\/\/www.egemtv.com\/index.php?rest_route=%2Fwp%2Fv2%2Fcomments&post=25868"}],"version-history":[{"count":1,"href":"https:\/\/www.egemtv.com\/index.php?rest_route=\/wp\/v2\/posts\/25868\/revisions"}],"predecessor-version":[{"id":25870,"href":"https:\/\/www.egemtv.com\/index.php?rest_route=\/wp\/v2\/posts\/25868\/revisions\/25870"}],"wp:featuredmedia":[{"embeddable":true,"href":"https:\/\/www.egemtv.com\/index.php?rest_route=\/wp\/v2\/media\/25869"}],"wp:attachment":[{"href":"https:\/\/www.egemtv.com\/index.php?rest_route=%2Fwp%2Fv2%2Fmedia&parent=25868"}],"wp:term":[{"taxonomy":"category","embeddable":true,"href":"https:\/\/www.egemtv.com\/index.php?rest_route=%2Fwp%2Fv2%2Fcategories&post=25868"},{"taxonomy":"post_tag","embeddable":true,"href":"https:\/\/www.egemtv.com\/index.php?rest_route=%2Fwp%2Fv2%2Ftags&post=25868"}],"curies":[{"name":"wp","href":"https:\/\/api.w.org\/{rel}","templated":true}]}}