{"id":25865,"date":"2025-03-22T11:27:05","date_gmt":"2025-03-22T08:27:05","guid":{"rendered":"https:\/\/www.egemtv.com\/?p=25865"},"modified":"2025-03-22T11:27:09","modified_gmt":"2025-03-22T08:27:09","slug":"koy-evinde-cikan-yangin-korkuttu","status":"publish","type":"post","link":"https:\/\/www.egemtv.com\/?p=25865","title":{"rendered":"K\u00f6y evinde \u00e7\u0131kan yang\u0131n korkuttu"},"content":{"rendered":"<p>K\u00fctahya\u2019n\u0131n Emet il\u00e7esi \u00d6rencik k\u00f6y\u00fcnde iki katl\u0131 binada \u00e7\u0131kan yang\u0131n pani\u011fe neden oldu. \u00d6len ya da yaralanan\u0131n olmad\u0131\u011f\u0131 yang\u0131nda maddi hasar meydana geldi.<br \/>\n<br \/>\u00d6rencik k\u00f6y\u00fcnde iki katl\u0131 binada hen\u00fcz belirlenemeyen bir nedenle yang\u0131n \u00e7\u0131kt\u0131. Yang\u0131na ilk m\u00fcdahale k\u00f6ye ait su tankeri ile k\u00f6y halk\u0131 taraf\u0131ndan yap\u0131ld\u0131. \u0130hbar \u00fczerine olay yerine sevk edilen Emet ve \u00c7avdarhisar Belediyesi itfaiye ekipleri ile \u00d6rencik Orman \u0130\u015fletme \u015eefli\u011fi yang\u0131n s\u00f6nd\u00fcrme ekiplerinin m\u00fcdahalesi sonucu s\u00f6nd\u00fcr\u00fclen yang\u0131nda iki katl\u0131 binan\u0131n \u00fcst kat\u0131nda b\u00fcy\u00fck \u00e7apta maddi hasar meydana geldi.<br \/>\n<br \/>Yang\u0131nla ilgili soru\u015fturma s\u00fcr\u00fcyor.<br \/><\/p>\n","protected":false},"excerpt":{"rendered":"<p>K\u00fctahya\u2019n\u0131n Emet il\u00e7esi \u00d6rencik k\u00f6y\u00fcnde iki katl\u0131 binada \u00e7\u0131kan yang\u0131n pani\u011fe neden oldu. \u00d6len ya da yaralanan\u0131n olmad\u0131\u011f\u0131 yang\u0131nda maddi hasar meydana geldi. \u00d6rencik k\u00f6y\u00fcnde iki katl\u0131 binada hen\u00fcz belirlenemeyen bir nedenle yang\u0131n \u00e7\u0131kt\u0131. Yang\u0131na ilk m\u00fcdahale k\u00f6ye ait su tankeri ile k\u00f6y halk\u0131 taraf\u0131ndan yap\u0131ld\u0131. \u0130hbar \u00fczerine olay yerine sevk edilen Emet ve \u00c7avdarhisar&#8230;<\/p>\n","protected":false},"author":1,"featured_media":25866,"comment_status":"open","ping_status":"open","sticky":false,"template":"","format":"standard","meta":{"_crdt_document":"","footnotes":""},"categories":[5],"tags":[],"class_list":["post-25865","post","type-post","status-publish","format-standard","has-post-thumbnail","hentry","category-asayis"],"_links":{"self":[{"href":"https:\/\/www.egemtv.com\/index.php?rest_route=\/wp\/v2\/posts\/25865","targetHints":{"allow":["GET"]}}],"collection":[{"href":"https:\/\/www.egemtv.com\/index.php?rest_route=\/wp\/v2\/posts"}],"about":[{"href":"https:\/\/www.egemtv.com\/index.php?rest_route=\/wp\/v2\/types\/post"}],"author":[{"embeddable":true,"href":"https:\/\/www.egemtv.com\/index.php?rest_route=\/wp\/v2\/users\/1"}],"replies":[{"embeddable":true,"href":"https:\/\/www.egemtv.com\/index.php?rest_route=%2Fwp%2Fv2%2Fcomments&post=25865"}],"version-history":[{"count":1,"href":"https:\/\/www.egemtv.com\/index.php?rest_route=\/wp\/v2\/posts\/25865\/revisions"}],"predecessor-version":[{"id":25867,"href":"https:\/\/www.egemtv.com\/index.php?rest_route=\/wp\/v2\/posts\/25865\/revisions\/25867"}],"wp:featuredmedia":[{"embeddable":true,"href":"https:\/\/www.egemtv.com\/index.php?rest_route=\/wp\/v2\/media\/25866"}],"wp:attachment":[{"href":"https:\/\/www.egemtv.com\/index.php?rest_route=%2Fwp%2Fv2%2Fmedia&parent=25865"}],"wp:term":[{"taxonomy":"category","embeddable":true,"href":"https:\/\/www.egemtv.com\/index.php?rest_route=%2Fwp%2Fv2%2Fcategories&post=25865"},{"taxonomy":"post_tag","embeddable":true,"href":"https:\/\/www.egemtv.com\/index.php?rest_route=%2Fwp%2Fv2%2Ftags&post=25865"}],"curies":[{"name":"wp","href":"https:\/\/api.w.org\/{rel}","templated":true}]}}