{"id":25733,"date":"2025-03-21T16:27:43","date_gmt":"2025-03-21T13:27:43","guid":{"rendered":"https:\/\/www.egemtv.com\/?p=25733"},"modified":"2025-03-21T16:27:48","modified_gmt":"2025-03-21T13:27:48","slug":"aydin-buyuksehir-belediyespor-aleksandra-ile-yeniden-anlasti","status":"publish","type":"post","link":"https:\/\/www.egemtv.com\/?p=25733","title":{"rendered":"Ayd\u0131n B\u00fcy\u00fck\u015fehir Belediyespor, Aleksandra ile yeniden anla\u015ft\u0131"},"content":{"rendered":"<p>Sultanlar Ligi\u2019nde m\u00fccadele eden Ayd\u0131n B\u00fcy\u00fck\u015fehir Belediyespor, yeni sezon transfer \u00e7al\u0131\u015fmalar\u0131na ba\u015flad\u0131. Mavi-beyazl\u0131lar, ilk olarak i\u00e7 transferde Aleksandra Rasinska ile yeniden anla\u015ft\u0131.<\/p>\n<p>Ayd\u0131n B\u00fcy\u00fck\u015fehir Belediyespor Kul\u00fcb\u00fc Ba\u015fkan\u0131 Polat Bora Mersin\u2019in kat\u0131ld\u0131\u011f\u0131 t\u00f6renle 27 ya\u015f\u0131ndaki tecr\u00fcbeli oyuncu, s\u00f6zle\u015fmeyi imzalad\u0131. Kul\u00fcpten yap\u0131lan a\u00e7\u0131klamada ise \u015fu ifadelere yer verildi: &#8220;Aleksandra Rasinska ile yola devam. De\u011ferli pas\u00f6r \u00e7apraz\u0131m\u0131z Aleksandra Rasinska, yeni sezonda da mavi-beyazl\u0131 formam\u0131z i\u00e7in m\u00fccadele edecek&#8221;<br \/><\/p>\n","protected":false},"excerpt":{"rendered":"<p>Sultanlar Ligi\u2019nde m\u00fccadele eden Ayd\u0131n B\u00fcy\u00fck\u015fehir Belediyespor, yeni sezon transfer \u00e7al\u0131\u015fmalar\u0131na ba\u015flad\u0131. Mavi-beyazl\u0131lar, ilk olarak i\u00e7 transferde Aleksandra Rasinska ile yeniden anla\u015ft\u0131. Ayd\u0131n B\u00fcy\u00fck\u015fehir Belediyespor Kul\u00fcb\u00fc Ba\u015fkan\u0131 Polat Bora Mersin\u2019in kat\u0131ld\u0131\u011f\u0131 t\u00f6renle 27 ya\u015f\u0131ndaki tecr\u00fcbeli oyuncu, s\u00f6zle\u015fmeyi imzalad\u0131. Kul\u00fcpten yap\u0131lan a\u00e7\u0131klamada ise \u015fu ifadelere yer verildi: &#8220;Aleksandra Rasinska ile yola devam. De\u011ferli pas\u00f6r \u00e7apraz\u0131m\u0131z Aleksandra&#8230;<\/p>\n","protected":false},"author":1,"featured_media":25734,"comment_status":"open","ping_status":"open","sticky":false,"template":"","format":"standard","meta":{"_crdt_document":"","footnotes":""},"categories":[4],"tags":[],"class_list":["post-25733","post","type-post","status-publish","format-standard","has-post-thumbnail","hentry","category-spor"],"_links":{"self":[{"href":"https:\/\/www.egemtv.com\/index.php?rest_route=\/wp\/v2\/posts\/25733","targetHints":{"allow":["GET"]}}],"collection":[{"href":"https:\/\/www.egemtv.com\/index.php?rest_route=\/wp\/v2\/posts"}],"about":[{"href":"https:\/\/www.egemtv.com\/index.php?rest_route=\/wp\/v2\/types\/post"}],"author":[{"embeddable":true,"href":"https:\/\/www.egemtv.com\/index.php?rest_route=\/wp\/v2\/users\/1"}],"replies":[{"embeddable":true,"href":"https:\/\/www.egemtv.com\/index.php?rest_route=%2Fwp%2Fv2%2Fcomments&post=25733"}],"version-history":[{"count":1,"href":"https:\/\/www.egemtv.com\/index.php?rest_route=\/wp\/v2\/posts\/25733\/revisions"}],"predecessor-version":[{"id":25735,"href":"https:\/\/www.egemtv.com\/index.php?rest_route=\/wp\/v2\/posts\/25733\/revisions\/25735"}],"wp:featuredmedia":[{"embeddable":true,"href":"https:\/\/www.egemtv.com\/index.php?rest_route=\/wp\/v2\/media\/25734"}],"wp:attachment":[{"href":"https:\/\/www.egemtv.com\/index.php?rest_route=%2Fwp%2Fv2%2Fmedia&parent=25733"}],"wp:term":[{"taxonomy":"category","embeddable":true,"href":"https:\/\/www.egemtv.com\/index.php?rest_route=%2Fwp%2Fv2%2Fcategories&post=25733"},{"taxonomy":"post_tag","embeddable":true,"href":"https:\/\/www.egemtv.com\/index.php?rest_route=%2Fwp%2Fv2%2Ftags&post=25733"}],"curies":[{"name":"wp","href":"https:\/\/api.w.org\/{rel}","templated":true}]}}