{"id":25730,"date":"2025-03-21T16:27:39","date_gmt":"2025-03-21T13:27:39","guid":{"rendered":"https:\/\/www.egemtv.com\/?p=25730"},"modified":"2025-03-21T16:27:43","modified_gmt":"2025-03-21T13:27:43","slug":"karacasu-yaza-hazirlaniyor","status":"publish","type":"post","link":"https:\/\/www.egemtv.com\/?p=25730","title":{"rendered":"Karacasu yaza haz\u0131rlan\u0131yor"},"content":{"rendered":"<p>Ayd\u0131n\u2019\u0131n Karacasu il\u00e7esinde sahaya inen belediye ekipleri il\u00e7e genelinde yabani ot m\u00fccadelesi ile birlikte ila\u00e7lama \u00e7al\u0131\u015fmalar\u0131n\u0131 s\u00fcrd\u00fcr\u00fcrken, il\u00e7e yaz mevsimine haz\u0131rlan\u0131yor.<\/p>\n<p>Halk sa\u011fl\u0131\u011f\u0131n\u0131n korunmas\u0131 hedefiyle temizlik \u00e7al\u0131\u015fmalar\u0131na devam eden Karacasu Belediyesi, yabani ot ile m\u00fccadele \u00e7al\u0131\u015fmalar\u0131n\u0131 s\u00fcrd\u00fcr\u00fcyor. Bu \u00e7er\u00e7evede sahaya inen belediye ekipleri, \u00e7ocuk parklar\u0131, yol kenarlar\u0131, mezarl\u0131klar ve ye\u015fil alanlarda ila\u00e7lama \u00e7al\u0131\u015fmas\u0131 ger\u00e7ekle\u015ftirdi. Yap\u0131lan \u00e7al\u0131\u015fmalarla birlikte Karacasu yaza haz\u0131rlan\u0131rken, Karacasu Belediyesi\u2019nden yap\u0131lan a\u00e7\u0131klamada &#8220;Ekiplerimiz, yaz mevsimi haz\u0131rl\u0131klar\u0131 kapsam\u0131nda il\u00e7e genelinde yabani ot m\u00fccadelesine devam ediyor. Mezarl\u0131klar, ye\u015fil alanlar, yol ve kald\u0131r\u0131m kenarlar\u0131ndaki yabani otlar ila\u00e7lan\u0131yor. Belirlenen program dahilinde il\u00e7e merkezimiz ve t\u00fcm mahallelerimizde ila\u00e7lama \u00e7al\u0131\u015fmalar\u0131m\u0131z devam edecektir&#8221; ifadeleri yer ald\u0131.<br \/><\/p>\n","protected":false},"excerpt":{"rendered":"<p>Ayd\u0131n\u2019\u0131n Karacasu il\u00e7esinde sahaya inen belediye ekipleri il\u00e7e genelinde yabani ot m\u00fccadelesi ile birlikte ila\u00e7lama \u00e7al\u0131\u015fmalar\u0131n\u0131 s\u00fcrd\u00fcr\u00fcrken, il\u00e7e yaz mevsimine haz\u0131rlan\u0131yor. Halk sa\u011fl\u0131\u011f\u0131n\u0131n korunmas\u0131 hedefiyle temizlik \u00e7al\u0131\u015fmalar\u0131na devam eden Karacasu Belediyesi, yabani ot ile m\u00fccadele \u00e7al\u0131\u015fmalar\u0131n\u0131 s\u00fcrd\u00fcr\u00fcyor. Bu \u00e7er\u00e7evede sahaya inen belediye ekipleri, \u00e7ocuk parklar\u0131, yol kenarlar\u0131, mezarl\u0131klar ve ye\u015fil alanlarda ila\u00e7lama \u00e7al\u0131\u015fmas\u0131 ger\u00e7ekle\u015ftirdi. Yap\u0131lan&#8230;<\/p>\n","protected":false},"author":1,"featured_media":25731,"comment_status":"open","ping_status":"open","sticky":false,"template":"","format":"standard","meta":{"_crdt_document":"","footnotes":""},"categories":[1],"tags":[],"class_list":["post-25730","post","type-post","status-publish","format-standard","has-post-thumbnail","hentry","category-guncel"],"_links":{"self":[{"href":"https:\/\/www.egemtv.com\/index.php?rest_route=\/wp\/v2\/posts\/25730","targetHints":{"allow":["GET"]}}],"collection":[{"href":"https:\/\/www.egemtv.com\/index.php?rest_route=\/wp\/v2\/posts"}],"about":[{"href":"https:\/\/www.egemtv.com\/index.php?rest_route=\/wp\/v2\/types\/post"}],"author":[{"embeddable":true,"href":"https:\/\/www.egemtv.com\/index.php?rest_route=\/wp\/v2\/users\/1"}],"replies":[{"embeddable":true,"href":"https:\/\/www.egemtv.com\/index.php?rest_route=%2Fwp%2Fv2%2Fcomments&post=25730"}],"version-history":[{"count":1,"href":"https:\/\/www.egemtv.com\/index.php?rest_route=\/wp\/v2\/posts\/25730\/revisions"}],"predecessor-version":[{"id":25732,"href":"https:\/\/www.egemtv.com\/index.php?rest_route=\/wp\/v2\/posts\/25730\/revisions\/25732"}],"wp:featuredmedia":[{"embeddable":true,"href":"https:\/\/www.egemtv.com\/index.php?rest_route=\/wp\/v2\/media\/25731"}],"wp:attachment":[{"href":"https:\/\/www.egemtv.com\/index.php?rest_route=%2Fwp%2Fv2%2Fmedia&parent=25730"}],"wp:term":[{"taxonomy":"category","embeddable":true,"href":"https:\/\/www.egemtv.com\/index.php?rest_route=%2Fwp%2Fv2%2Fcategories&post=25730"},{"taxonomy":"post_tag","embeddable":true,"href":"https:\/\/www.egemtv.com\/index.php?rest_route=%2Fwp%2Fv2%2Ftags&post=25730"}],"curies":[{"name":"wp","href":"https:\/\/api.w.org\/{rel}","templated":true}]}}