{"id":25727,"date":"2025-03-21T16:27:32","date_gmt":"2025-03-21T13:27:32","guid":{"rendered":"https:\/\/www.egemtv.com\/?p=25727"},"modified":"2025-03-21T16:27:39","modified_gmt":"2025-03-21T13:27:39","slug":"uyusturucu-operasyonunda-1-kisi-tutuklandi","status":"publish","type":"post","link":"https:\/\/www.egemtv.com\/?p=25727","title":{"rendered":"Uyu\u015fturucu operasyonunda 1 ki\u015fi tutukland\u0131"},"content":{"rendered":"<p>Afyonkarahisar\u2019da polis taraf\u0131ndan ger\u00e7ekle\u015ftirilen operasyonda 615 adet uyu\u015fturucu hap ele ge\u00e7irilirken olayla ilgili bir ki\u015fi tutukland\u0131.<br \/>\n<br \/>Olay, kent merkezinde meydana geldi. Edinilen bilgilere g\u00f6re, Afyonkarahisar \u0130l Emniyet M\u00fcd\u00fcrl\u00fc\u011f\u00fc ekipleri taraf\u0131ndan uyu\u015fturucu sat\u0131c\u0131lar\u0131na y\u00f6nelik operasyon yap\u0131ld\u0131. Operasyonda 615 adet uyu\u015fturucu hap ele ge\u00e7irildi. Konu ile ilgili olarak g\u00f6zalt\u0131na al\u0131nan Y.K. ve \u00d6.K. hakk\u0131nda\u2019Uyu\u015fturucu Madde Kullanmak\u2019 su\u00e7u \u00e7er\u00e7evesinde adli i\u015flem yap\u0131l\u0131rken, B.Y. isimli \u015fah\u0131s ise \u00e7\u0131kar\u0131ld\u0131\u011f\u0131 Sulh Ceza Mahkemesince tutuklanarak cezaevine teslim edildi.<br \/><\/p>\n","protected":false},"excerpt":{"rendered":"<p>Afyonkarahisar\u2019da polis taraf\u0131ndan ger\u00e7ekle\u015ftirilen operasyonda 615 adet uyu\u015fturucu hap ele ge\u00e7irilirken olayla ilgili bir ki\u015fi tutukland\u0131. Olay, kent merkezinde meydana geldi. Edinilen bilgilere g\u00f6re, Afyonkarahisar \u0130l Emniyet M\u00fcd\u00fcrl\u00fc\u011f\u00fc ekipleri taraf\u0131ndan uyu\u015fturucu sat\u0131c\u0131lar\u0131na y\u00f6nelik operasyon yap\u0131ld\u0131. Operasyonda 615 adet uyu\u015fturucu hap ele ge\u00e7irildi. Konu ile ilgili olarak g\u00f6zalt\u0131na al\u0131nan Y.K. ve \u00d6.K. hakk\u0131nda\u2019Uyu\u015fturucu Madde Kullanmak\u2019 su\u00e7u&#8230;<\/p>\n","protected":false},"author":1,"featured_media":25728,"comment_status":"open","ping_status":"open","sticky":false,"template":"","format":"standard","meta":{"_crdt_document":"","footnotes":""},"categories":[5],"tags":[],"class_list":["post-25727","post","type-post","status-publish","format-standard","has-post-thumbnail","hentry","category-asayis"],"_links":{"self":[{"href":"https:\/\/www.egemtv.com\/index.php?rest_route=\/wp\/v2\/posts\/25727","targetHints":{"allow":["GET"]}}],"collection":[{"href":"https:\/\/www.egemtv.com\/index.php?rest_route=\/wp\/v2\/posts"}],"about":[{"href":"https:\/\/www.egemtv.com\/index.php?rest_route=\/wp\/v2\/types\/post"}],"author":[{"embeddable":true,"href":"https:\/\/www.egemtv.com\/index.php?rest_route=\/wp\/v2\/users\/1"}],"replies":[{"embeddable":true,"href":"https:\/\/www.egemtv.com\/index.php?rest_route=%2Fwp%2Fv2%2Fcomments&post=25727"}],"version-history":[{"count":1,"href":"https:\/\/www.egemtv.com\/index.php?rest_route=\/wp\/v2\/posts\/25727\/revisions"}],"predecessor-version":[{"id":25729,"href":"https:\/\/www.egemtv.com\/index.php?rest_route=\/wp\/v2\/posts\/25727\/revisions\/25729"}],"wp:featuredmedia":[{"embeddable":true,"href":"https:\/\/www.egemtv.com\/index.php?rest_route=\/wp\/v2\/media\/25728"}],"wp:attachment":[{"href":"https:\/\/www.egemtv.com\/index.php?rest_route=%2Fwp%2Fv2%2Fmedia&parent=25727"}],"wp:term":[{"taxonomy":"category","embeddable":true,"href":"https:\/\/www.egemtv.com\/index.php?rest_route=%2Fwp%2Fv2%2Fcategories&post=25727"},{"taxonomy":"post_tag","embeddable":true,"href":"https:\/\/www.egemtv.com\/index.php?rest_route=%2Fwp%2Fv2%2Ftags&post=25727"}],"curies":[{"name":"wp","href":"https:\/\/api.w.org\/{rel}","templated":true}]}}