{"id":25724,"date":"2025-03-21T16:03:54","date_gmt":"2025-03-21T13:03:54","guid":{"rendered":"https:\/\/www.egemtv.com\/?p=25724"},"modified":"2025-03-21T16:03:59","modified_gmt":"2025-03-21T13:03:59","slug":"selendinin-nevruz-atesi-rahmanlar-mahallesinde-yakildi","status":"publish","type":"post","link":"https:\/\/www.egemtv.com\/?p=25724","title":{"rendered":"Selendi\u2019nin Nevruz ate\u015fi Rahmanlar Mahallesinde yak\u0131ld\u0131"},"content":{"rendered":"<p>Manisa\u2019n\u0131n Selendi il\u00e7esine ba\u011fl\u0131 Rahmanlar Mahallesinde, Rahmanlar \u0130lk\u00f6\u011fretim Kurumu ve Ortaokulu taraf\u0131ndan d\u00fczenlenen Nevruz ve Orman Haftas\u0131 kutlama program\u0131nda renkli g\u00f6r\u00fcnt\u00fcler ortaya \u00e7\u0131kt\u0131. Nevruz ate\u015finin yak\u0131ld\u0131\u011f\u0131 programda fidanlar da toprakla bulu\u015fturuldu.<br \/>\n<br \/>D\u00fczenlenen programa Selendi Kaymakam\u0131 Tar\u0131k Safa Kahveci, Belediye Ba\u015fkan\u0131 Murat Daban, siyasi parti temsilcileri, daire amirleri, \u00f6\u011frenciler, \u00f6\u011fretmenler ve vatanda\u015flar kat\u0131ld\u0131. Rahmanlar \u0130lk\u00f6\u011fretim Kurumu ve Ortaokulu bah\u00e7esinde sayg\u0131 duru\u015funda bulunulmas\u0131 ve \u0130stiklal Mar\u015f\u0131n\u0131n okunmas\u0131 ile ba\u015flayan program g\u00fcn\u00fcn anlam ve \u00f6nemini belirten konu\u015fman\u0131n yap\u0131lmas\u0131n\u0131n ard\u0131ndan Kaymakam Tar\u0131k Safa Kahveci ve Belediye Ba\u015fkan\u0131 Murat Daban\u2019\u0131n Nevruz Ate\u015fini yak\u0131p \u00f6rs \u00fczerinde demir d\u00f6vmesiyle devam etti. \u00d6\u011frenciler taraf\u0131ndan \u00e7e\u015fitli g\u00f6sterilerin sergilenmesi, \u015fiirlerin okunmas\u0131, \u00e7uval yar\u0131\u015f\u0131, yumurta yar\u0131\u015f\u0131, halat \u00e7ekme yar\u0131\u015fmas\u0131 ile devam eden program kat\u0131l\u0131mc\u0131lar\u0131n yak\u0131lan ate\u015fin \u00fcst\u00fcnden atlamas\u0131ndan sonra sona erdi.<br \/>\n<br \/>Program, \u0130l\u00e7e Orman \u0130\u015fletme \u015eefli\u011fi taraf\u0131ndan belirlenen alana Orman Haftas\u0131 ve A\u011fa\u00e7 Bayram\u0131 kutlamas\u0131 dolay\u0131s\u0131yla selvi ile f\u0131st\u0131k \u00e7am\u0131 fidan\u0131n\u0131n dikilmesi ile sona erdi.<br \/><\/p>\n","protected":false},"excerpt":{"rendered":"<p>Manisa\u2019n\u0131n Selendi il\u00e7esine ba\u011fl\u0131 Rahmanlar Mahallesinde, Rahmanlar \u0130lk\u00f6\u011fretim Kurumu ve Ortaokulu taraf\u0131ndan d\u00fczenlenen Nevruz ve Orman Haftas\u0131 kutlama program\u0131nda renkli g\u00f6r\u00fcnt\u00fcler ortaya \u00e7\u0131kt\u0131. Nevruz ate\u015finin yak\u0131ld\u0131\u011f\u0131 programda fidanlar da toprakla bulu\u015fturuldu. D\u00fczenlenen programa Selendi Kaymakam\u0131 Tar\u0131k Safa Kahveci, Belediye Ba\u015fkan\u0131 Murat Daban, siyasi parti temsilcileri, daire amirleri, \u00f6\u011frenciler, \u00f6\u011fretmenler ve vatanda\u015flar kat\u0131ld\u0131. Rahmanlar \u0130lk\u00f6\u011fretim Kurumu&#8230;<\/p>\n","protected":false},"author":1,"featured_media":25725,"comment_status":"open","ping_status":"open","sticky":false,"template":"","format":"standard","meta":{"_crdt_document":"","footnotes":""},"categories":[1],"tags":[],"class_list":["post-25724","post","type-post","status-publish","format-standard","has-post-thumbnail","hentry","category-guncel"],"_links":{"self":[{"href":"https:\/\/www.egemtv.com\/index.php?rest_route=\/wp\/v2\/posts\/25724","targetHints":{"allow":["GET"]}}],"collection":[{"href":"https:\/\/www.egemtv.com\/index.php?rest_route=\/wp\/v2\/posts"}],"about":[{"href":"https:\/\/www.egemtv.com\/index.php?rest_route=\/wp\/v2\/types\/post"}],"author":[{"embeddable":true,"href":"https:\/\/www.egemtv.com\/index.php?rest_route=\/wp\/v2\/users\/1"}],"replies":[{"embeddable":true,"href":"https:\/\/www.egemtv.com\/index.php?rest_route=%2Fwp%2Fv2%2Fcomments&post=25724"}],"version-history":[{"count":1,"href":"https:\/\/www.egemtv.com\/index.php?rest_route=\/wp\/v2\/posts\/25724\/revisions"}],"predecessor-version":[{"id":25726,"href":"https:\/\/www.egemtv.com\/index.php?rest_route=\/wp\/v2\/posts\/25724\/revisions\/25726"}],"wp:featuredmedia":[{"embeddable":true,"href":"https:\/\/www.egemtv.com\/index.php?rest_route=\/wp\/v2\/media\/25725"}],"wp:attachment":[{"href":"https:\/\/www.egemtv.com\/index.php?rest_route=%2Fwp%2Fv2%2Fmedia&parent=25724"}],"wp:term":[{"taxonomy":"category","embeddable":true,"href":"https:\/\/www.egemtv.com\/index.php?rest_route=%2Fwp%2Fv2%2Fcategories&post=25724"},{"taxonomy":"post_tag","embeddable":true,"href":"https:\/\/www.egemtv.com\/index.php?rest_route=%2Fwp%2Fv2%2Ftags&post=25724"}],"curies":[{"name":"wp","href":"https:\/\/api.w.org\/{rel}","templated":true}]}}