{"id":25721,"date":"2025-03-21T15:50:45","date_gmt":"2025-03-21T12:50:45","guid":{"rendered":"https:\/\/www.egemtv.com\/?p=25721"},"modified":"2025-03-21T15:50:49","modified_gmt":"2025-03-21T12:50:49","slug":"engelsiz-yasam-merkezi-ogrencilerinden-anlamli-sergi","status":"publish","type":"post","link":"https:\/\/www.egemtv.com\/?p=25721","title":{"rendered":"Engelsiz Ya\u015fam Merkezi \u00f6\u011frencilerinden anlaml\u0131 sergi"},"content":{"rendered":"<p>Yunusemre Belediyesi Engelsiz Ya\u015fam Merkezi\u2019nde \u00f6\u011frenim g\u00f6ren \u00f6zel \u00f6\u011frenciler, 21 Mart D\u00fcnya Down Sendromu Fark\u0131ndal\u0131k G\u00fcn\u00fc dolay\u0131s\u0131yla anlaml\u0131 bir sergiye imza att\u0131.<br \/>\n<br \/>Sosyal sorumluluk projelerine h\u0131z kesmeden devam eden Yunusemre Belediyesi, fark\u0131ndal\u0131k olu\u015fturmak amac\u0131yla \u00f6zel bir resim sergisi d\u00fczenledi. Belediyenin Muradiye Engelsiz Ya\u015fam Merkezi \u00f6\u011frencileri taraf\u0131ndan haz\u0131rlanan sergide, ya\u011fl\u0131 boya eserlerin yan\u0131 s\u0131ra geri d\u00f6n\u00fc\u015f\u00fcm malzemelerinden olu\u015fturulan tablolar da yer ald\u0131. Sanatseverler i\u00e7in belediyenin hizmet binas\u0131n\u0131n giri\u015f kat\u0131nda a\u00e7\u0131lan sergi, ziyaret\u00e7ilerine ilham veren bir atmosfer sunuyor. Toplam 11 eserden olu\u015fan bu \u00f6zel serginin a\u00e7\u0131l\u0131\u015f t\u00f6renine Yunusemre Belediye Ba\u015fkan Yard\u0131mc\u0131lar\u0131 Emine \u00d6zge Arslan ve Hakan G\u00fcrtunca\u2019n\u0131n yan\u0131 s\u0131ra belediye m\u00fcd\u00fcrleri, meclis \u00fcyeleri ve Muradiye Engelsiz Ya\u015fam Merkezi personeli de kat\u0131l\u0131m g\u00f6sterdi. Sanat\u0131n engel tan\u0131mad\u0131\u011f\u0131n\u0131 bir kez daha kan\u0131tlayan bu anlaml\u0131 sergi, 25 Mart Sal\u0131 g\u00fcn\u00fc mesai bitimine kadar ziyaret\u00e7ilerini bekliyor.<br \/><\/p>\n","protected":false},"excerpt":{"rendered":"<p>Yunusemre Belediyesi Engelsiz Ya\u015fam Merkezi\u2019nde \u00f6\u011frenim g\u00f6ren \u00f6zel \u00f6\u011frenciler, 21 Mart D\u00fcnya Down Sendromu Fark\u0131ndal\u0131k G\u00fcn\u00fc dolay\u0131s\u0131yla anlaml\u0131 bir sergiye imza att\u0131. Sosyal sorumluluk projelerine h\u0131z kesmeden devam eden Yunusemre Belediyesi, fark\u0131ndal\u0131k olu\u015fturmak amac\u0131yla \u00f6zel bir resim sergisi d\u00fczenledi. Belediyenin Muradiye Engelsiz Ya\u015fam Merkezi \u00f6\u011frencileri taraf\u0131ndan haz\u0131rlanan sergide, ya\u011fl\u0131 boya eserlerin yan\u0131 s\u0131ra geri d\u00f6n\u00fc\u015f\u00fcm&#8230;<\/p>\n","protected":false},"author":1,"featured_media":25722,"comment_status":"open","ping_status":"open","sticky":false,"template":"","format":"standard","meta":{"_crdt_document":"","footnotes":""},"categories":[1],"tags":[],"class_list":["post-25721","post","type-post","status-publish","format-standard","has-post-thumbnail","hentry","category-guncel"],"_links":{"self":[{"href":"https:\/\/www.egemtv.com\/index.php?rest_route=\/wp\/v2\/posts\/25721","targetHints":{"allow":["GET"]}}],"collection":[{"href":"https:\/\/www.egemtv.com\/index.php?rest_route=\/wp\/v2\/posts"}],"about":[{"href":"https:\/\/www.egemtv.com\/index.php?rest_route=\/wp\/v2\/types\/post"}],"author":[{"embeddable":true,"href":"https:\/\/www.egemtv.com\/index.php?rest_route=\/wp\/v2\/users\/1"}],"replies":[{"embeddable":true,"href":"https:\/\/www.egemtv.com\/index.php?rest_route=%2Fwp%2Fv2%2Fcomments&post=25721"}],"version-history":[{"count":1,"href":"https:\/\/www.egemtv.com\/index.php?rest_route=\/wp\/v2\/posts\/25721\/revisions"}],"predecessor-version":[{"id":25723,"href":"https:\/\/www.egemtv.com\/index.php?rest_route=\/wp\/v2\/posts\/25721\/revisions\/25723"}],"wp:featuredmedia":[{"embeddable":true,"href":"https:\/\/www.egemtv.com\/index.php?rest_route=\/wp\/v2\/media\/25722"}],"wp:attachment":[{"href":"https:\/\/www.egemtv.com\/index.php?rest_route=%2Fwp%2Fv2%2Fmedia&parent=25721"}],"wp:term":[{"taxonomy":"category","embeddable":true,"href":"https:\/\/www.egemtv.com\/index.php?rest_route=%2Fwp%2Fv2%2Fcategories&post=25721"},{"taxonomy":"post_tag","embeddable":true,"href":"https:\/\/www.egemtv.com\/index.php?rest_route=%2Fwp%2Fv2%2Ftags&post=25721"}],"curies":[{"name":"wp","href":"https:\/\/api.w.org\/{rel}","templated":true}]}}