{"id":25718,"date":"2025-03-21T15:23:01","date_gmt":"2025-03-21T12:23:01","guid":{"rendered":"https:\/\/www.egemtv.com\/?p=25718"},"modified":"2025-03-21T15:23:06","modified_gmt":"2025-03-21T12:23:06","slug":"nazillide-yol-calismalari-suruyor","status":"publish","type":"post","link":"https:\/\/www.egemtv.com\/?p=25718","title":{"rendered":"Nazilli\u2019de yol \u00e7al\u0131\u015fmalar\u0131 s\u00fcr\u00fcyor"},"content":{"rendered":"<p>Nazilli Belediyesi il\u00e7e genelinde ba\u015flatt\u0131\u011f\u0131 yol \u00e7al\u0131\u015fmalar\u0131na h\u0131z verirken; Aydo\u011fdu, Y\u0131ld\u0131ztepe, Zafer, Yeni, Dumlup\u0131nar ve G\u00fczelk\u00f6y\u2019de e\u015f zamanl\u0131 \u00e7al\u0131\u015fma yapan ekipler son olarak \u0130stiklal\u2019de yollar\u0131 yeniliyor.<\/p>\n<p>\u0130stiklal Mahallesi 171 Sokak\u2019taki \u00e7al\u0131\u015fmalar kapsam\u0131nda, kullan\u0131m \u00f6mr\u00fcn\u00fc tamamlayan eski asfalt yolun i\u015f makinalar\u0131 ile kaz\u0131narak parke ta\u015f\u0131 d\u00f6\u015femeye haz\u0131r hale getirildi\u011fini belirten Belediye Ba\u015fkan\u0131 Dr. Ertu\u011frul Tetik, &#8220;Ramazan Bayram\u0131 \u00f6ncesi ba\u015flatt\u0131\u011f\u0131m\u0131z yol \u00e7al\u0131\u015fmalar\u0131n\u0131 h\u0131zla tamamlay\u0131p halk\u0131m\u0131z\u0131n bayram ziyaretlerini rahatl\u0131kla yapmas\u0131 i\u00e7in \u00e7al\u0131\u015f\u0131yoruz. Kendimize, ekibimize \u00e7ok g\u00fcveniyorum. Temizlik, Park Bah\u00e7e, Fen \u0130\u015fleri, Sa\u011fl\u0131k  ve di\u011fer t\u00fcm m\u00fcd\u00fcrl\u00fcklerimiz \u015fehrimiz i\u00e7in canla ba\u015fla \u00e7al\u0131\u015f\u0131yor. T\u00fcm ekibime y\u00fcrekten te\u015fekk\u00fcr ediyorum&#8221; dedi.<\/p>\n<p>G\u00f6reve geldi\u011fi ilk g\u00fcnden bu yana, Nazilli\u2019nin \u00f6ncelikli sorunlar\u0131n\u0131 \u00e7\u00f6z\u00fcme kavu\u015fturmak i\u00e7in \u00e7al\u0131\u015faca\u011f\u0131n\u0131 dile getiren Ba\u015fkan Tetik, 12 temizlik arac\u0131n\u0131n \u015fehre kazand\u0131r\u0131lmas\u0131, Ayakkab\u0131c\u0131lar Soka\u011f\u0131\u2019n\u0131n yenilenmesi, \u015eirinevler Antika Pazar\u0131\u2019n\u0131n yap\u0131m\u0131, asfalt makinalar\u0131n\u0131n il\u00e7eye yeniden kazand\u0131r\u0131lmas\u0131, meydan yenileme projesi, sosyal belediyecilik alan\u0131nda yapt\u0131\u011f\u0131 \u00e7al\u0131\u015fmalar ve belediye giderlerinin minimum d\u00fczeye indirilerek b\u00fct\u00e7enin halka hizmet i\u00e7in harcanmas\u0131 konusunda yapt\u0131\u011f\u0131 \u00e7al\u0131\u015fmalarla vatanda\u015f\u0131n takdirini kazanmaya devam ediyor.<br \/><\/p>\n","protected":false},"excerpt":{"rendered":"<p>Nazilli Belediyesi il\u00e7e genelinde ba\u015flatt\u0131\u011f\u0131 yol \u00e7al\u0131\u015fmalar\u0131na h\u0131z verirken; Aydo\u011fdu, Y\u0131ld\u0131ztepe, Zafer, Yeni, Dumlup\u0131nar ve G\u00fczelk\u00f6y\u2019de e\u015f zamanl\u0131 \u00e7al\u0131\u015fma yapan ekipler son olarak \u0130stiklal\u2019de yollar\u0131 yeniliyor. \u0130stiklal Mahallesi 171 Sokak\u2019taki \u00e7al\u0131\u015fmalar kapsam\u0131nda, kullan\u0131m \u00f6mr\u00fcn\u00fc tamamlayan eski asfalt yolun i\u015f makinalar\u0131 ile kaz\u0131narak parke ta\u015f\u0131 d\u00f6\u015femeye haz\u0131r hale getirildi\u011fini belirten Belediye Ba\u015fkan\u0131 Dr. Ertu\u011frul Tetik, &#8220;Ramazan&#8230;<\/p>\n","protected":false},"author":1,"featured_media":25719,"comment_status":"open","ping_status":"open","sticky":false,"template":"","format":"standard","meta":{"_crdt_document":"","footnotes":""},"categories":[1],"tags":[],"class_list":["post-25718","post","type-post","status-publish","format-standard","has-post-thumbnail","hentry","category-guncel"],"_links":{"self":[{"href":"https:\/\/www.egemtv.com\/index.php?rest_route=\/wp\/v2\/posts\/25718","targetHints":{"allow":["GET"]}}],"collection":[{"href":"https:\/\/www.egemtv.com\/index.php?rest_route=\/wp\/v2\/posts"}],"about":[{"href":"https:\/\/www.egemtv.com\/index.php?rest_route=\/wp\/v2\/types\/post"}],"author":[{"embeddable":true,"href":"https:\/\/www.egemtv.com\/index.php?rest_route=\/wp\/v2\/users\/1"}],"replies":[{"embeddable":true,"href":"https:\/\/www.egemtv.com\/index.php?rest_route=%2Fwp%2Fv2%2Fcomments&post=25718"}],"version-history":[{"count":1,"href":"https:\/\/www.egemtv.com\/index.php?rest_route=\/wp\/v2\/posts\/25718\/revisions"}],"predecessor-version":[{"id":25720,"href":"https:\/\/www.egemtv.com\/index.php?rest_route=\/wp\/v2\/posts\/25718\/revisions\/25720"}],"wp:featuredmedia":[{"embeddable":true,"href":"https:\/\/www.egemtv.com\/index.php?rest_route=\/wp\/v2\/media\/25719"}],"wp:attachment":[{"href":"https:\/\/www.egemtv.com\/index.php?rest_route=%2Fwp%2Fv2%2Fmedia&parent=25718"}],"wp:term":[{"taxonomy":"category","embeddable":true,"href":"https:\/\/www.egemtv.com\/index.php?rest_route=%2Fwp%2Fv2%2Fcategories&post=25718"},{"taxonomy":"post_tag","embeddable":true,"href":"https:\/\/www.egemtv.com\/index.php?rest_route=%2Fwp%2Fv2%2Ftags&post=25718"}],"curies":[{"name":"wp","href":"https:\/\/api.w.org\/{rel}","templated":true}]}}