{"id":25715,"date":"2025-03-21T15:22:55","date_gmt":"2025-03-21T12:22:55","guid":{"rendered":"https:\/\/www.egemtv.com\/?p=25715"},"modified":"2025-03-21T15:23:01","modified_gmt":"2025-03-21T12:23:01","slug":"birgi-deresi-ogrenciler-tarafindan-temizlendi","status":"publish","type":"post","link":"https:\/\/www.egemtv.com\/?p=25715","title":{"rendered":"Birgi Deresi \u00f6\u011frenciler taraf\u0131ndan temizlendi"},"content":{"rendered":"<p>D\u00fcnya Su G\u00fcn\u00fc etkinleri kapsam\u0131nda \u00d6demi\u015f Birgi\u2019de belediye temizlik personeli ve \u00f6\u011frenciler taraf\u0131ndan dere temizli\u011fi ger\u00e7ekle\u015ftirdi.<br \/>\n<br \/>Artan su krizine y\u00f6nelik fark\u0131ndal\u0131k kazand\u0131rmak, su krizinin sosyal ve ekonomik kalk\u0131nman\u0131n s\u00fcrd\u00fcr\u00fclebilirli\u011fini tehdit eden bir olgu oldu\u011funu vurgulamak amac\u0131yla tarihi Birgi kentindeki derede temizlik \u00e7al\u0131\u015fmas\u0131 yap\u0131ld\u0131. Etkinlik, sabah saatlerinde Belediye Ba\u015fkan Yard\u0131mc\u0131s\u0131 M. Cumhur \u015eener, Birgi Muhtar\u0131 Mutlu Sulukan, \u00d6demi\u015f Gazi Umurbey Lisesi ve Birgi Fazl\u0131 Alpay Mesleki ve Teknik Anadolu Lisesi \u00f6\u011frencileri ve Temizlik \u0130\u015fleri M\u00fcd\u00fcrl\u00fc\u011f\u00fc \u00e7al\u0131\u015fanlar\u0131n\u0131n kat\u0131l\u0131m\u0131yla ger\u00e7ekle\u015fti.<br \/>\n<br \/>Belediye Ba\u015fkan Yard\u0131mc\u0131s\u0131 M.Cumhur \u015eener yapt\u0131\u011f\u0131 a\u00e7\u0131klamada; &#8220;Tarihi Birgi\u2019nin ortas\u0131ndan ge\u00e7en dere, do\u011fal g\u00f6r\u00fcn\u00fcm\u00fcyle kente ayr\u0131 bir g\u00fczellik kat\u0131yor. \u00d6\u011frencilerimizin deste\u011fi ile dere i\u00e7indeki plastik \u015fi\u015fe, ka\u011f\u0131t, po\u015fet, cam gibi at\u0131klar\u0131n temizli\u011fini ger\u00e7ekle\u015ftirdik. Do\u011fal ya\u015fam alanlar\u0131m\u0131 korumak ve su kaynaklar\u0131m\u0131z\u0131 temiz tutmak i\u00e7in hem dere temizli\u011fini hem de bahar\u0131n geli\u015fini simgeleyen Nevruz Bayram\u0131m\u0131z\u0131 do\u011faya olan sayg\u0131m\u0131z ve sevgimizle kutlad\u0131k. Temizlemek belediye olarak bizlerin g\u00f6revi oldu\u011fu kadar vatanda\u015flar\u0131m\u0131z\u0131 da temiz tutmak konusunda duyarl\u0131 olmaya davet ediyoruz. D\u00fcnyam\u0131z maalesef bir su kriziyle kar\u015f\u0131 kar\u015f\u0131ya. \u00dclkemizde ise gelecek y\u0131llarda artan n\u00fcfus ve iklim de\u011fi\u015fikli\u011fi ile birlikte su kaynaklar\u0131nda meydana gelebilecek kay\u0131plarla kar\u015f\u0131 kar\u015f\u0131yad\u0131r.  Su tasarrufu art\u0131k herkesin dikkat etmesi gereken bir konu haline geldi. G\u00fcndelik hayat\u0131m\u0131zda alabilece\u011fimiz basit \u00f6nlemler sayesinde su kullan\u0131m\u0131n\u0131 azaltabilir, azalan kaynaklar\u0131m\u0131z\u0131 daha \u00f6l\u00e7\u00fcl\u00fc kullanmaya ba\u015flayabilirsiniz&#8221; s\u00f6zlerine yer verdi.<br \/><\/p>\n","protected":false},"excerpt":{"rendered":"<p>D\u00fcnya Su G\u00fcn\u00fc etkinleri kapsam\u0131nda \u00d6demi\u015f Birgi\u2019de belediye temizlik personeli ve \u00f6\u011frenciler taraf\u0131ndan dere temizli\u011fi ger\u00e7ekle\u015ftirdi. Artan su krizine y\u00f6nelik fark\u0131ndal\u0131k kazand\u0131rmak, su krizinin sosyal ve ekonomik kalk\u0131nman\u0131n s\u00fcrd\u00fcr\u00fclebilirli\u011fini tehdit eden bir olgu oldu\u011funu vurgulamak amac\u0131yla tarihi Birgi kentindeki derede temizlik \u00e7al\u0131\u015fmas\u0131 yap\u0131ld\u0131. Etkinlik, sabah saatlerinde Belediye Ba\u015fkan Yard\u0131mc\u0131s\u0131 M. Cumhur \u015eener, Birgi Muhtar\u0131 Mutlu&#8230;<\/p>\n","protected":false},"author":1,"featured_media":25716,"comment_status":"open","ping_status":"open","sticky":false,"template":"","format":"standard","meta":{"_crdt_document":"","footnotes":""},"categories":[1],"tags":[],"class_list":["post-25715","post","type-post","status-publish","format-standard","has-post-thumbnail","hentry","category-guncel"],"_links":{"self":[{"href":"https:\/\/www.egemtv.com\/index.php?rest_route=\/wp\/v2\/posts\/25715","targetHints":{"allow":["GET"]}}],"collection":[{"href":"https:\/\/www.egemtv.com\/index.php?rest_route=\/wp\/v2\/posts"}],"about":[{"href":"https:\/\/www.egemtv.com\/index.php?rest_route=\/wp\/v2\/types\/post"}],"author":[{"embeddable":true,"href":"https:\/\/www.egemtv.com\/index.php?rest_route=\/wp\/v2\/users\/1"}],"replies":[{"embeddable":true,"href":"https:\/\/www.egemtv.com\/index.php?rest_route=%2Fwp%2Fv2%2Fcomments&post=25715"}],"version-history":[{"count":1,"href":"https:\/\/www.egemtv.com\/index.php?rest_route=\/wp\/v2\/posts\/25715\/revisions"}],"predecessor-version":[{"id":25717,"href":"https:\/\/www.egemtv.com\/index.php?rest_route=\/wp\/v2\/posts\/25715\/revisions\/25717"}],"wp:featuredmedia":[{"embeddable":true,"href":"https:\/\/www.egemtv.com\/index.php?rest_route=\/wp\/v2\/media\/25716"}],"wp:attachment":[{"href":"https:\/\/www.egemtv.com\/index.php?rest_route=%2Fwp%2Fv2%2Fmedia&parent=25715"}],"wp:term":[{"taxonomy":"category","embeddable":true,"href":"https:\/\/www.egemtv.com\/index.php?rest_route=%2Fwp%2Fv2%2Fcategories&post=25715"},{"taxonomy":"post_tag","embeddable":true,"href":"https:\/\/www.egemtv.com\/index.php?rest_route=%2Fwp%2Fv2%2Ftags&post=25715"}],"curies":[{"name":"wp","href":"https:\/\/api.w.org\/{rel}","templated":true}]}}