{"id":25712,"date":"2025-03-21T15:22:50","date_gmt":"2025-03-21T12:22:50","guid":{"rendered":"https:\/\/www.egemtv.com\/?p=25712"},"modified":"2025-03-21T15:22:55","modified_gmt":"2025-03-21T12:22:55","slug":"baskan-saygilidan-sokak-cagrilarina-sert-tepki","status":"publish","type":"post","link":"https:\/\/www.egemtv.com\/?p=25712","title":{"rendered":"Ba\u015fkan Sayg\u0131l\u0131\u2019dan sokak \u00e7a\u011fr\u0131lar\u0131na sert tepki"},"content":{"rendered":"<p>AK Parti \u0130zmir \u0130l Ba\u015fkan\u0131 Bilal Sayg\u0131l\u0131, CHP Genel Ba\u015fkan\u0131 \u00d6zg\u00fcr \u00d6zel\u2019in sokak \u00e7a\u011fr\u0131s\u0131na sert tepki g\u00f6sterdi. Ba\u015fkan Sayg\u0131l\u0131, &#8220;Bir siyasi fig\u00fcr, aymazca davranarak art\u0131k eski T\u00fcrkiye\u2019nin karanl\u0131k d\u00f6nemlerinde kalm\u0131\u015f bir sokak \u00e7a\u011fr\u0131s\u0131nda bulundu&#8221; dedi.<br \/>\n<br \/>AK Parti \u0130zmir \u0130l Ba\u015fkan\u0131 Bilal Sayg\u0131l\u0131, sosyal medya hesab\u0131ndan yapt\u0131\u011f\u0131 a\u00e7\u0131klamada, sokak \u00e7a\u011fr\u0131s\u0131 yapan CHP Genel Ba\u015fkan\u0131 \u00d6zg\u00fcr \u00d6zel\u2019e sert \u00e7\u0131kt\u0131. Ba\u015fkan Sayg\u0131l\u0131, &#8220;T\u00fcrkiye, gayrime\u015fru yollardan ve demokrasi rotas\u0131ndan saparak sokaklarda korsan aray\u0131\u015flara girenler y\u00fcz\u00fcnden y\u0131llarca enerjisini, kaynaklar\u0131n\u0131 ve en \u00f6nemlisi gen\u00e7lerini sebepsiz yere yordu, harcad\u0131. D\u00fcn, sat\u0131n al\u0131nm\u0131\u015f delegelerin ve ipotek edilen iradelerin deste\u011fiyle koltuk bek\u00e7ili\u011fi yapan bir siyasi fig\u00fcr; sorumsuzca, aymazca davranarak art\u0131k eski T\u00fcrkiye\u2019nin karanl\u0131k d\u00f6nemlerinde kalm\u0131\u015f bir sokak \u00e7a\u011fr\u0131s\u0131nda bulundu. \u0130\u00e7inde besledikleri su\u00e7luluk duygusundan \u00f6t\u00fcr\u00fc ba\u011f\u0131ms\u0131z yarg\u0131n\u0131n sonu\u00e7lanmas\u0131n\u0131 bekleyemedi. Demokrasi k\u00fclt\u00fcr\u00fcne sad\u0131k kalmayarak ileti\u015fimi de\u011fil \u00e7at\u0131\u015fmay\u0131 tercih etti. Gencecik insanlar\u0131, aralar\u0131na provokat\u00f6rler girece\u011fini bile bile istismar ederek sokaklara s\u00fcrd\u00fc. Polislerimizin yaralanmas\u0131na sebep oldu&#8221; dedi.<\/p>\n<p>&#8220;G\u00fcc\u00fcm\u00fcz\u00fc \u2019Ter\u00f6rs\u00fcz T\u00fcrkiye\u2019 i\u00e7in harcayaca\u011f\u0131z&#8221;<br \/>\n<br \/>Ba\u015fkan Sayg\u0131l\u0131 a\u00e7\u0131klamas\u0131n\u0131n devam\u0131nda, &#8220;Temiz siyaseti, toplumumuzun zihin ve vicdan\u0131n\u0131 bulan\u0131kla\u015ft\u0131ran dezenformasyon \u00e7arklar\u0131n\u0131 \u00e7al\u0131\u015ft\u0131rd\u0131. \u0130\u015fte bu sorumsuz tav\u0131rlara T\u00fcrkiye\u2019nin sabredecek g\u00fcc\u00fc yoktur. G\u00fcc\u00fcm\u00fcz\u00fc \u2019Ter\u00f6rs\u00fcz T\u00fcrkiye\u2019 i\u00e7in harcayaca\u011f\u0131z. G\u00fcc\u00fcm\u00fcz\u00fc toplumsal karde\u015flik, ekonomik kalk\u0131nma, teknoloji ve bilimde ilerleme i\u00e7in kullanaca\u011f\u0131z. Kendi \u00e7\u0131karlar\u0131 i\u00e7in milleti kullananlardan de\u011fil, milletin ve devletin \u00e2li \u00e7\u0131karlar\u0131 i\u00e7in T\u00fcrkiye Y\u00fczy\u0131l\u0131 yoluna ba\u015f koyanlardan olaca\u011f\u0131z. Milletimiz ak ile kara aras\u0131ndaki fark\u0131 g\u00f6recek, bilecek ve buna g\u00f6re takdir edecek ferasettedir&#8221; s\u00f6zlerine yer verdi.<br \/><\/p>\n","protected":false},"excerpt":{"rendered":"<p>AK Parti \u0130zmir \u0130l Ba\u015fkan\u0131 Bilal Sayg\u0131l\u0131, CHP Genel Ba\u015fkan\u0131 \u00d6zg\u00fcr \u00d6zel\u2019in sokak \u00e7a\u011fr\u0131s\u0131na sert tepki g\u00f6sterdi. Ba\u015fkan Sayg\u0131l\u0131, &#8220;Bir siyasi fig\u00fcr, aymazca davranarak art\u0131k eski T\u00fcrkiye\u2019nin karanl\u0131k d\u00f6nemlerinde kalm\u0131\u015f bir sokak \u00e7a\u011fr\u0131s\u0131nda bulundu&#8221; dedi. AK Parti \u0130zmir \u0130l Ba\u015fkan\u0131 Bilal Sayg\u0131l\u0131, sosyal medya hesab\u0131ndan yapt\u0131\u011f\u0131 a\u00e7\u0131klamada, sokak \u00e7a\u011fr\u0131s\u0131 yapan CHP Genel Ba\u015fkan\u0131 \u00d6zg\u00fcr \u00d6zel\u2019e&#8230;<\/p>\n","protected":false},"author":1,"featured_media":25713,"comment_status":"open","ping_status":"open","sticky":false,"template":"","format":"standard","meta":{"_crdt_document":"","footnotes":""},"categories":[127],"tags":[],"class_list":["post-25712","post","type-post","status-publish","format-standard","has-post-thumbnail","hentry","category-siyaset"],"_links":{"self":[{"href":"https:\/\/www.egemtv.com\/index.php?rest_route=\/wp\/v2\/posts\/25712","targetHints":{"allow":["GET"]}}],"collection":[{"href":"https:\/\/www.egemtv.com\/index.php?rest_route=\/wp\/v2\/posts"}],"about":[{"href":"https:\/\/www.egemtv.com\/index.php?rest_route=\/wp\/v2\/types\/post"}],"author":[{"embeddable":true,"href":"https:\/\/www.egemtv.com\/index.php?rest_route=\/wp\/v2\/users\/1"}],"replies":[{"embeddable":true,"href":"https:\/\/www.egemtv.com\/index.php?rest_route=%2Fwp%2Fv2%2Fcomments&post=25712"}],"version-history":[{"count":1,"href":"https:\/\/www.egemtv.com\/index.php?rest_route=\/wp\/v2\/posts\/25712\/revisions"}],"predecessor-version":[{"id":25714,"href":"https:\/\/www.egemtv.com\/index.php?rest_route=\/wp\/v2\/posts\/25712\/revisions\/25714"}],"wp:featuredmedia":[{"embeddable":true,"href":"https:\/\/www.egemtv.com\/index.php?rest_route=\/wp\/v2\/media\/25713"}],"wp:attachment":[{"href":"https:\/\/www.egemtv.com\/index.php?rest_route=%2Fwp%2Fv2%2Fmedia&parent=25712"}],"wp:term":[{"taxonomy":"category","embeddable":true,"href":"https:\/\/www.egemtv.com\/index.php?rest_route=%2Fwp%2Fv2%2Fcategories&post=25712"},{"taxonomy":"post_tag","embeddable":true,"href":"https:\/\/www.egemtv.com\/index.php?rest_route=%2Fwp%2Fv2%2Ftags&post=25712"}],"curies":[{"name":"wp","href":"https:\/\/api.w.org\/{rel}","templated":true}]}}