{"id":25709,"date":"2025-03-21T15:03:02","date_gmt":"2025-03-21T12:03:02","guid":{"rendered":"https:\/\/www.egemtv.com\/?p=25709"},"modified":"2025-03-21T15:03:07","modified_gmt":"2025-03-21T12:03:07","slug":"didim-huzurevi-sakinleri-unutulmadi","status":"publish","type":"post","link":"https:\/\/www.egemtv.com\/?p=25709","title":{"rendered":"Didim Huzurevi sakinleri unutulmad\u0131"},"content":{"rendered":"<p>Ayd\u0131n B\u00fcy\u00fck\u015fehir Belediye Ba\u015fkan\u0131 \u00d6zlem \u00c7er\u00e7io\u011flu taraf\u0131ndan 7\u2019den 70\u2019e her ya\u015ftan vatanda\u015fa y\u00f6nelik ger\u00e7ekle\u015ftirilen hizmetler devam ediyor.<\/p>\n<p>B\u00fcy\u00fck\u015fehir Belediyesi \u00c7ocuk Geli\u015fim Merkezi \u00f6\u011frencileri, B\u00fcy\u00fck\u015fehir Belediyesi Didim Huzurevi sakinlerini ziyaret etti. K\u00fc\u00e7\u00fck \u015eekerler \u00c7ocuk Geli\u015fim Merkezi\u2019nin minik \u00f6\u011frencilerinin s\u00fcrpriz ziyareti ile huzurevi sakinleri unutulmaz bir g\u00fcn ya\u015fad\u0131.<\/p>\n<p>B\u00fcy\u00fck\u015fehir Belediyesi \u00c7ocuk Geli\u015fim Merkezi\u2019nde haz\u0131rlad\u0131klar\u0131 hediyeler ile birlikte ya\u015fl\u0131lar\u0131 ziyaret eden minik \u00f6\u011frenciler, \u015firinlikleri ile huzurevine renk katt\u0131. Minik \u00f6\u011frenciler ve huzurevi sakinleri g\u00fcn boyunca birlikte oyunlar oynad\u0131, \u015fark\u0131lar s\u00f6yledi, danslar etti. B\u00fcy\u00fck\u015fehir Belediyesi Konservatuar\u0131\u2019n\u0131n da e\u015flik etti\u011fi etkinlikler hem minikler hem de ya\u015fl\u0131lar i\u00e7in g\u00fczel hat\u0131ralarla dolu bir g\u00fcn oldu.<\/p>\n<p>Hizmetlerden ve etkinliklerden memnun olduklar\u0131n\u0131 belirten B\u00fcy\u00fck\u015fehir Belediyesi Didim Huzurevi sakinleri, Ba\u015fkan \u00c7er\u00e7io\u011flu\u2019na te\u015fekk\u00fcr etti.<br \/><\/p>\n","protected":false},"excerpt":{"rendered":"<p>Ayd\u0131n B\u00fcy\u00fck\u015fehir Belediye Ba\u015fkan\u0131 \u00d6zlem \u00c7er\u00e7io\u011flu taraf\u0131ndan 7\u2019den 70\u2019e her ya\u015ftan vatanda\u015fa y\u00f6nelik ger\u00e7ekle\u015ftirilen hizmetler devam ediyor. B\u00fcy\u00fck\u015fehir Belediyesi \u00c7ocuk Geli\u015fim Merkezi \u00f6\u011frencileri, B\u00fcy\u00fck\u015fehir Belediyesi Didim Huzurevi sakinlerini ziyaret etti. K\u00fc\u00e7\u00fck \u015eekerler \u00c7ocuk Geli\u015fim Merkezi\u2019nin minik \u00f6\u011frencilerinin s\u00fcrpriz ziyareti ile huzurevi sakinleri unutulmaz bir g\u00fcn ya\u015fad\u0131. B\u00fcy\u00fck\u015fehir Belediyesi \u00c7ocuk Geli\u015fim Merkezi\u2019nde haz\u0131rlad\u0131klar\u0131 hediyeler ile birlikte&#8230;<\/p>\n","protected":false},"author":1,"featured_media":25710,"comment_status":"open","ping_status":"open","sticky":false,"template":"","format":"standard","meta":{"_crdt_document":"","footnotes":""},"categories":[1],"tags":[],"class_list":["post-25709","post","type-post","status-publish","format-standard","has-post-thumbnail","hentry","category-guncel"],"_links":{"self":[{"href":"https:\/\/www.egemtv.com\/index.php?rest_route=\/wp\/v2\/posts\/25709","targetHints":{"allow":["GET"]}}],"collection":[{"href":"https:\/\/www.egemtv.com\/index.php?rest_route=\/wp\/v2\/posts"}],"about":[{"href":"https:\/\/www.egemtv.com\/index.php?rest_route=\/wp\/v2\/types\/post"}],"author":[{"embeddable":true,"href":"https:\/\/www.egemtv.com\/index.php?rest_route=\/wp\/v2\/users\/1"}],"replies":[{"embeddable":true,"href":"https:\/\/www.egemtv.com\/index.php?rest_route=%2Fwp%2Fv2%2Fcomments&post=25709"}],"version-history":[{"count":1,"href":"https:\/\/www.egemtv.com\/index.php?rest_route=\/wp\/v2\/posts\/25709\/revisions"}],"predecessor-version":[{"id":25711,"href":"https:\/\/www.egemtv.com\/index.php?rest_route=\/wp\/v2\/posts\/25709\/revisions\/25711"}],"wp:featuredmedia":[{"embeddable":true,"href":"https:\/\/www.egemtv.com\/index.php?rest_route=\/wp\/v2\/media\/25710"}],"wp:attachment":[{"href":"https:\/\/www.egemtv.com\/index.php?rest_route=%2Fwp%2Fv2%2Fmedia&parent=25709"}],"wp:term":[{"taxonomy":"category","embeddable":true,"href":"https:\/\/www.egemtv.com\/index.php?rest_route=%2Fwp%2Fv2%2Fcategories&post=25709"},{"taxonomy":"post_tag","embeddable":true,"href":"https:\/\/www.egemtv.com\/index.php?rest_route=%2Fwp%2Fv2%2Ftags&post=25709"}],"curies":[{"name":"wp","href":"https:\/\/api.w.org\/{rel}","templated":true}]}}