{"id":25703,"date":"2025-03-21T14:44:17","date_gmt":"2025-03-21T11:44:17","guid":{"rendered":"https:\/\/www.egemtv.com\/?p=25703"},"modified":"2025-03-21T14:44:22","modified_gmt":"2025-03-21T11:44:22","slug":"turbeldaktan-caypinar-derekoy-parkuru","status":"publish","type":"post","link":"https:\/\/www.egemtv.com\/?p=25703","title":{"rendered":"TURBELDAK\u2019tan \u00c7ayp\u0131nar-Derek\u00f6y parkuru"},"content":{"rendered":"<p>Turgutlu Belediyesi Da\u011fc\u0131l\u0131k Akademisi (TURBELDAK) \u00c7ayp\u0131nar-\u00c7\u0131plak De\u011firmen-Derek\u00f6y parkurunda y\u00fcr\u00fcy\u00fc\u015f\u00fcn\u00fc ger\u00e7ekle\u015ftirdi.<br \/>\n<br \/>Turgutlu Belediyesi K\u00fclt\u00fcr ve Sosyal \u0130\u015fler M\u00fcd\u00fcrl\u00fc\u011f\u00fcne ba\u011fl\u0131 olarak her hafta farkl\u0131 parkurlarda y\u00fcr\u00fcy\u00fc\u015f ve do\u011fa sporlar\u0131 etkinlikleri d\u00fczenleyen TURBELDAK\u2019\u0131n bu haftaki rotas\u0131 \u00c7ayp\u0131nar-\u00c7\u0131plak De\u011firmen-Derek\u00f6y oldu.<br \/>\n<br \/>Sabah\u0131n erken saatlerinde Ahmetli\u2019ye ba\u011fl\u0131 \u00c7ayp\u0131nar K\u00f6y\u00fc\u2019nden ba\u015flayan y\u00fcr\u00fcy\u00fc\u015f, Derek\u00f6y Kanyonu\u2019nun seyredilmesinin ard\u0131ndan tarihi \u00c7ak\u0131c\u0131 K\u00f6pr\u00fcs\u00fc ve b\u00f6lgenin me\u015fhur alanlar\u0131ndan birisi olan \u00c7\u0131plak De\u011firmen\u2019e gelinmesiyle devam etti. Yaz-K\u0131\u015f Y\u00fcr\u00fcy\u00fc\u015f Liderleri Orhan Mert ile Haydar Atilla\u2019n\u0131n sevk ve idaresinde orman yolu ve patikalardan yap\u0131lan ve yakla\u015f\u0131k 10 kilometre s\u00fcren parkur Kelebek \u00c7ay\u0131\u2019ndan y\u00fcr\u00fcnerek Derek\u00f6y\u2019de sona erdi. Y\u00fcr\u00fcy\u00fc\u015fe kat\u0131lan ve olduk\u00e7a keyifli vakit ge\u00e7iren do\u011faseverler; g\u00fczel havan\u0131n, tarihin ve do\u011fal g\u00fczelliklerin bulu\u015ftu\u011fu noktalar\u0131 foto\u011fraflayarak hat\u0131ralar\u0131n\u0131 \u00f6l\u00fcms\u00fczle\u015ftirdi.<br \/>\n<br \/>Yaz-K\u0131\u015f Y\u00fcr\u00fcy\u00fc\u015f Lideri Orhan Mert, &#8220;Arkada\u015flar\u0131m\u0131zla birlikte son derece keyifli bir etkinli\u011fimizi daha tamamlad\u0131k. Yapt\u0131\u011f\u0131m\u0131z y\u00fcr\u00fcy\u00fc\u015f ve do\u011fa sporlar\u0131 aktiviteleriyle b\u00f6lgemizdeki nice g\u00fczellikleri ke\u015ffederken ayn\u0131 zamanda sa\u011fl\u0131kl\u0131 ya\u015fam\u0131 da hayat\u0131m\u0131z\u0131n \u00f6nemli bir par\u00e7as\u0131 haline getiriyoruz. Y\u00fcr\u00fcy\u00fc\u015flerimize kat\u0131lan, etkinliklerimize ilgi ve destek g\u00f6steren arkada\u015flar\u0131m\u0131za te\u015fekk\u00fcr ederim&#8221; \u015feklinde konu\u015ftu.<br \/><\/p>\n","protected":false},"excerpt":{"rendered":"<p>Turgutlu Belediyesi Da\u011fc\u0131l\u0131k Akademisi (TURBELDAK) \u00c7ayp\u0131nar-\u00c7\u0131plak De\u011firmen-Derek\u00f6y parkurunda y\u00fcr\u00fcy\u00fc\u015f\u00fcn\u00fc ger\u00e7ekle\u015ftirdi. Turgutlu Belediyesi K\u00fclt\u00fcr ve Sosyal \u0130\u015fler M\u00fcd\u00fcrl\u00fc\u011f\u00fcne ba\u011fl\u0131 olarak her hafta farkl\u0131 parkurlarda y\u00fcr\u00fcy\u00fc\u015f ve do\u011fa sporlar\u0131 etkinlikleri d\u00fczenleyen TURBELDAK\u2019\u0131n bu haftaki rotas\u0131 \u00c7ayp\u0131nar-\u00c7\u0131plak De\u011firmen-Derek\u00f6y oldu. Sabah\u0131n erken saatlerinde Ahmetli\u2019ye ba\u011fl\u0131 \u00c7ayp\u0131nar K\u00f6y\u00fc\u2019nden ba\u015flayan y\u00fcr\u00fcy\u00fc\u015f, Derek\u00f6y Kanyonu\u2019nun seyredilmesinin ard\u0131ndan tarihi \u00c7ak\u0131c\u0131 K\u00f6pr\u00fcs\u00fc ve b\u00f6lgenin me\u015fhur&#8230;<\/p>\n","protected":false},"author":1,"featured_media":25704,"comment_status":"open","ping_status":"open","sticky":false,"template":"","format":"standard","meta":{"_crdt_document":"","footnotes":""},"categories":[1],"tags":[],"class_list":["post-25703","post","type-post","status-publish","format-standard","has-post-thumbnail","hentry","category-guncel"],"_links":{"self":[{"href":"https:\/\/www.egemtv.com\/index.php?rest_route=\/wp\/v2\/posts\/25703","targetHints":{"allow":["GET"]}}],"collection":[{"href":"https:\/\/www.egemtv.com\/index.php?rest_route=\/wp\/v2\/posts"}],"about":[{"href":"https:\/\/www.egemtv.com\/index.php?rest_route=\/wp\/v2\/types\/post"}],"author":[{"embeddable":true,"href":"https:\/\/www.egemtv.com\/index.php?rest_route=\/wp\/v2\/users\/1"}],"replies":[{"embeddable":true,"href":"https:\/\/www.egemtv.com\/index.php?rest_route=%2Fwp%2Fv2%2Fcomments&post=25703"}],"version-history":[{"count":1,"href":"https:\/\/www.egemtv.com\/index.php?rest_route=\/wp\/v2\/posts\/25703\/revisions"}],"predecessor-version":[{"id":25705,"href":"https:\/\/www.egemtv.com\/index.php?rest_route=\/wp\/v2\/posts\/25703\/revisions\/25705"}],"wp:featuredmedia":[{"embeddable":true,"href":"https:\/\/www.egemtv.com\/index.php?rest_route=\/wp\/v2\/media\/25704"}],"wp:attachment":[{"href":"https:\/\/www.egemtv.com\/index.php?rest_route=%2Fwp%2Fv2%2Fmedia&parent=25703"}],"wp:term":[{"taxonomy":"category","embeddable":true,"href":"https:\/\/www.egemtv.com\/index.php?rest_route=%2Fwp%2Fv2%2Fcategories&post=25703"},{"taxonomy":"post_tag","embeddable":true,"href":"https:\/\/www.egemtv.com\/index.php?rest_route=%2Fwp%2Fv2%2Ftags&post=25703"}],"curies":[{"name":"wp","href":"https:\/\/api.w.org\/{rel}","templated":true}]}}